{"id":3738,"date":"2024-11-01T20:40:08","date_gmt":"2024-11-01T20:40:08","guid":{"rendered":"https:\/\/247stiri.ro\/index.php\/2024\/11\/01\/dezvaluirile-realitatea-plus-au-fost-confirmate-vanzarea-telekom-romania-catre-tomsa-a-fost-un-pericol-de-securitate-nationala\/"},"modified":"2024-11-01T20:40:08","modified_gmt":"2024-11-01T20:40:08","slug":"dezvaluirile-realitatea-plus-au-fost-confirmate-vanzarea-telekom-romania-catre-tomsa-a-fost-un-pericol-de-securitate-nationala","status":"publish","type":"post","link":"https:\/\/247stiri.ro\/index.php\/2024\/11\/01\/dezvaluirile-realitatea-plus-au-fost-confirmate-vanzarea-telekom-romania-catre-tomsa-a-fost-un-pericol-de-securitate-nationala\/","title":{"rendered":"Dezv\u0103luirile Realitatea PLUS au fost confirmate: V\u00e2nzarea Telekom Rom\u00e2nia c\u0103tre Tom\u0219a a fost un pericol de securitate na\u021bional\u0103"},"content":{"rendered":"<p>O bre\u0219\u0103 de securitate na\u021bional\u0103 a fost evitat\u0103 \u00een ultimul moment de institu\u021biile statului. Preluarea firmei Telekom de c\u0103tre patronul grupului Prima &#8211; Adrian Tom\u0219a \u0219i patronul grupului RCS RDS &#8211; Zoltan Teszari ar fi pus \u00een pericol siguran\u021ba na\u021bional\u0103. Consiliul Concuren\u021bei a anun\u021bat c\u0103 aceast\u0103 tranzac\u021bie a fost respins\u0103 pentru c\u0103 statul rom\u00e2n a fost \u00een pericol.<\/p>\n<p>\u201e\u0218tim c\u0103 Telekom vrea s\u0103 plece c\u00e2t mai repede din Rom\u00e2nia, s\u0103 urgenteze tranzac\u021bia. \u00cen trecut, posibila v\u00e2nzare Telekom a avut c\u00e2teva respingeri pe securitate na\u021bional\u0103 de la institu\u021biile statului, acum au notificat o nou\u0103 tranzac\u021bie, cu firma domnului Adrian Tom\u0219a \u0219i Digi. Vom vedea cum se \u00eempart activele, antenele \u0219i spectrul. Sper\u0103m ca \u00een prima parte a anului s\u0103 finaliz\u0103m analiza. Sunt \u00eenc\u0103 multe necunoscute. Pia\u021ba de telecom trebuie s\u0103 fie competitiv\u0103, ieftin\u0103, dar suficient de atractiv\u0103 pentru investi\u021bii pe 5G. Tranzac\u021bia Telekom are impact puternic asupra economiei\u201d, a declarat Bogdan Chiri\u021boiu, pre\u0219edintele Consiliului Concuren\u021bei.<\/p>\n<p>Dup\u0103 anun\u021bul de la Consiliul Concuren\u021bei, Adrian Tom\u0219a a anun\u021bat c\u0103 iese din tranzac\u021bie.<\/p>\n<p>\u201eAm dezv\u0103luit c\u0103 este o chestie de siguran\u021b\u0103 na\u021bional\u0103 pentru c\u0103 va fi un monopol pe pia\u021b\u0103 \u0219i am primit o amend\u0103 uria\u0219\u0103 de la CNA\u201d, a spus Anca Alexandrescu.<\/p>\n<p>Realitatea PLUS a ar\u0103tat \u00een exclusivitate cum acest\u0103 tranzac\u021bie este un pericol pentru siguran\u021ba na\u021bional\u0103 \u0219i datorit\u0103 leg\u0103turii str\u00e2nse dintre cele dou\u0103 grupuri de firme cu Federa\u021bia Rus\u0103 \u0219i Ungaria.\u00a0<\/p>\n<p><a href=\"https:\/\/www.realitatea.net\/stiri\/actual\/proprietarul-prima-tv-iese-din-tranzactia-telekom-anca-alexandrescu-am-avut-dreptate-am-fost-amendati-degeaba_6724f5e53049f841f77b0863\" target=\"_blank\" rel=\"noopener\">Proprietarul Prima TV iese din tranzac\u021bia Telekom! Anca Alexandrescu: \u201eAm avut dreptate, am fost amenda\u021bi degeaba\u201d<\/a><\/p>","protected":false},"excerpt":{"rendered":"<p>O bre\u0219\u0103 de securitate na\u021bional\u0103 a fost evitat\u0103 \u00een ultimul moment de institu\u021biile statului. Preluarea&hellip;<\/p>\n","protected":false},"author":0,"featured_media":3739,"comment_status":"open","ping_status":"open","sticky":false,"template":"","format":"standard","meta":{"footnotes":""},"categories":[2],"tags":[],"class_list":["post-3738","post","type-post","status-publish","format-standard","has-post-thumbnail","hentry","category-actual"],"_links":{"self":[{"href":"https:\/\/247stiri.ro\/index.php\/wp-json\/wp\/v2\/posts\/3738","targetHints":{"allow":["GET"]}}],"collection":[{"href":"https:\/\/247stiri.ro\/index.php\/wp-json\/wp\/v2\/posts"}],"about":[{"href":"https:\/\/247stiri.ro\/index.php\/wp-json\/wp\/v2\/types\/post"}],"replies":[{"embeddable":true,"href":"https:\/\/247stiri.ro\/index.php\/wp-json\/wp\/v2\/comments?post=3738"}],"version-history":[{"count":0,"href":"https:\/\/247stiri.ro\/index.php\/wp-json\/wp\/v2\/posts\/3738\/revisions"}],"wp:featuredmedia":[{"embeddable":true,"href":"https:\/\/247stiri.ro\/index.php\/wp-json\/wp\/v2\/media\/3739"}],"wp:attachment":[{"href":"https:\/\/247stiri.ro\/index.php\/wp-json\/wp\/v2\/media?parent=3738"}],"wp:term":[{"taxonomy":"category","embeddable":true,"href":"https:\/\/247stiri.ro\/index.php\/wp-json\/wp\/v2\/categories?post=3738"},{"taxonomy":"post_tag","embeddable":true,"href":"https:\/\/247stiri.ro\/index.php\/wp-json\/wp\/v2\/tags?post=3738"}],"curies":[{"name":"wp","href":"https:\/\/api.w.org\/{rel}","templated":true}]}}