{"id":37388,"date":"2025-03-06T18:45:04","date_gmt":"2025-03-06T18:45:04","guid":{"rendered":"https:\/\/247stiri.ro\/index.php\/2025\/03\/06\/trump-amana-cu-o-luna-tarifele-pentru-majoritatea-produselor-din-mexic\/"},"modified":"2025-03-06T18:45:04","modified_gmt":"2025-03-06T18:45:04","slug":"trump-amana-cu-o-luna-tarifele-pentru-majoritatea-produselor-din-mexic","status":"publish","type":"post","link":"https:\/\/247stiri.ro\/index.php\/2025\/03\/06\/trump-amana-cu-o-luna-tarifele-pentru-majoritatea-produselor-din-mexic\/","title":{"rendered":"Trump am\u00e2n\u0103 cu o lun\u0103 tarifele pentru majoritatea produselor din Mexic"},"content":{"rendered":"<p>\u201eDup\u0103 ce am vorbit cu pre\u015fedinta Mexicului, Claudia Sheinbaum, am convenit c\u0103 Mexicul nu va fi obligat s\u0103 pl\u0103teasc\u0103 tarife vamale pentru nimic din ceea ce intr\u0103 sub inciden\u0163a Acordului USMCA&#8221;, a scris Trump pe Truth Social. \u201eAcest acord este valabil p\u00e2n\u0103 la 2 aprilie\u201d, a precizat \u015feful Casei Albe.<\/p>\n<p>Anun\u0163ul lui Trump vine dup\u0103 ce secretarul s\u0103u pentru comer\u0163, Howard Lutnick, a declarat c\u0103 tarifele at\u00e2t pentru Canada, c\u00e2t \u015fi pentru Mexic vor fi \u201eprobabil\u201d am\u00e2nate.<\/p>\n<p>Este deja a doua am\u00e2nare de o lun\u0103 pe care Trump o decide dup\u0103 ce a anun\u0163at taxele pentru importuri, la \u00eenceputul lunii februarie. Am\u00e2narea s-ar aplica bunurilor care sunt conforme cu acordul comercial negociat de Trump cu Canada \u015fi Mexic \u00een primul s\u0103u mandat (USCMT).<\/p>\n<p>\u201eDepunem eforturi, \u00eempreun\u0103, la grani\u0163\u0103, at\u00e2t \u00een ceea ce prive\u015fte oprirea imigran\u0163ilor ilegali s\u0103 intre \u00een Statele Unite, c\u00e2t \u015fi \u00een ceea ce prive\u015fte oprirea fentanilului\u201d, a declarat Trump pe platforma sa Truth Social.<\/p>","protected":false},"excerpt":{"rendered":"<p>\u201eDup\u0103 ce am vorbit cu pre\u015fedinta Mexicului, Claudia Sheinbaum, am convenit c\u0103 Mexicul nu va&hellip;<\/p>\n","protected":false},"author":0,"featured_media":37379,"comment_status":"open","ping_status":"open","sticky":false,"template":"","format":"standard","meta":{"footnotes":""},"categories":[2],"tags":[],"class_list":["post-37388","post","type-post","status-publish","format-standard","has-post-thumbnail","hentry","category-actual"],"_links":{"self":[{"href":"https:\/\/247stiri.ro\/index.php\/wp-json\/wp\/v2\/posts\/37388","targetHints":{"allow":["GET"]}}],"collection":[{"href":"https:\/\/247stiri.ro\/index.php\/wp-json\/wp\/v2\/posts"}],"about":[{"href":"https:\/\/247stiri.ro\/index.php\/wp-json\/wp\/v2\/types\/post"}],"replies":[{"embeddable":true,"href":"https:\/\/247stiri.ro\/index.php\/wp-json\/wp\/v2\/comments?post=37388"}],"version-history":[{"count":0,"href":"https:\/\/247stiri.ro\/index.php\/wp-json\/wp\/v2\/posts\/37388\/revisions"}],"wp:featuredmedia":[{"embeddable":true,"href":"https:\/\/247stiri.ro\/index.php\/wp-json\/wp\/v2\/media\/37379"}],"wp:attachment":[{"href":"https:\/\/247stiri.ro\/index.php\/wp-json\/wp\/v2\/media?parent=37388"}],"wp:term":[{"taxonomy":"category","embeddable":true,"href":"https:\/\/247stiri.ro\/index.php\/wp-json\/wp\/v2\/categories?post=37388"},{"taxonomy":"post_tag","embeddable":true,"href":"https:\/\/247stiri.ro\/index.php\/wp-json\/wp\/v2\/tags?post=37388"}],"curies":[{"name":"wp","href":"https:\/\/api.w.org\/{rel}","templated":true}]}}