{"id":37389,"date":"2025-03-06T18:45:04","date_gmt":"2025-03-06T18:45:04","guid":{"rendered":"https:\/\/247stiri.ro\/index.php\/2025\/03\/06\/psd-filiala-sector-4-anunta-ca-il-sustine-pe-crin-antonescu-la-alegerile-prezidentiale-din-luna-mai\/"},"modified":"2025-03-06T18:45:04","modified_gmt":"2025-03-06T18:45:04","slug":"psd-filiala-sector-4-anunta-ca-il-sustine-pe-crin-antonescu-la-alegerile-prezidentiale-din-luna-mai","status":"publish","type":"post","link":"https:\/\/247stiri.ro\/index.php\/2025\/03\/06\/psd-filiala-sector-4-anunta-ca-il-sustine-pe-crin-antonescu-la-alegerile-prezidentiale-din-luna-mai\/","title":{"rendered":"PSD, filiala Sector 4, anun\u021b\u0103 c\u0103 \u00eel sus\u021bine pe Crin Antonescu, la alegerile preziden\u021biale din luna mai"},"content":{"rendered":"<p>\u201cPSD Sector 4 sus\u021bine cu t\u0103rie candidatura domnului Crin Antonescu la Pre\u0219edin\u021bia Rom\u00e2niei. Op\u021biunea organiza\u021biei noastre, una dintre cele mai puternice, la nivel na\u021bional, nu este doar una politic\u0103, ci una de principiu, bazat\u0103 pe valori precum dialogul, solidaritatea \u0219i dorin\u021ba de a construi o \u021bar\u0103 mai unit\u0103 \u0219i mai echitabil\u0103.\u00a0<\/p>\n<p>Sus\u021binerea domnului Crin Antonescu reprezint\u0103 un pas firesc \u00een consolidarea colabor\u0103rii dincolo de barierele politice, pentru a asigura stabilitatea \u0219i progresul pe care le merit\u0103m cu to\u021bii. Credem \u00eentr-o Rom\u00e2nie unit\u0103, unde priorit\u0103\u021bile cet\u0103\u021benilor \u2013 educa\u021bia, s\u0103n\u0103tatea, infrastructura \u0219i protec\u021bia social\u0103 \u2013 s\u0103 devin\u0103 pilonii unei guvern\u0103ri responsabile. Suntem convin\u0219i c\u0103 al\u0103turi de domnul Crin Antonescu, putem lucra pentru a transforma aceste idealuri \u00een realitate.\u00a0<\/p>\n<p>Totodat\u0103, respect\u0103m astfel angajamentul asumat prin Protocolul semnat de c\u0103tre pre\u0219edin\u021bii partidelor din coali\u021bie \u2013 PSD, PNL, UDMR, al\u0103turi de minorit\u0103\u021bile na\u021bionale, prin care candidatul Alian\u021bei Electorale \u201eRom\u00e2nia \u00cenainte\u201d la alegerile preziden\u021biale din acest an este domnul Crin Antonescu\u201d, a declarat Andrei-George Trocan, pre\u0219edintele PSD Sector 4.<\/p>","protected":false},"excerpt":{"rendered":"<p>\u201cPSD Sector 4 sus\u021bine cu t\u0103rie candidatura domnului Crin Antonescu la Pre\u0219edin\u021bia Rom\u00e2niei. Op\u021biunea organiza\u021biei&hellip;<\/p>\n","protected":false},"author":0,"featured_media":37383,"comment_status":"open","ping_status":"open","sticky":false,"template":"","format":"standard","meta":{"footnotes":""},"categories":[2],"tags":[],"class_list":["post-37389","post","type-post","status-publish","format-standard","has-post-thumbnail","hentry","category-actual"],"_links":{"self":[{"href":"https:\/\/247stiri.ro\/index.php\/wp-json\/wp\/v2\/posts\/37389","targetHints":{"allow":["GET"]}}],"collection":[{"href":"https:\/\/247stiri.ro\/index.php\/wp-json\/wp\/v2\/posts"}],"about":[{"href":"https:\/\/247stiri.ro\/index.php\/wp-json\/wp\/v2\/types\/post"}],"replies":[{"embeddable":true,"href":"https:\/\/247stiri.ro\/index.php\/wp-json\/wp\/v2\/comments?post=37389"}],"version-history":[{"count":0,"href":"https:\/\/247stiri.ro\/index.php\/wp-json\/wp\/v2\/posts\/37389\/revisions"}],"wp:featuredmedia":[{"embeddable":true,"href":"https:\/\/247stiri.ro\/index.php\/wp-json\/wp\/v2\/media\/37383"}],"wp:attachment":[{"href":"https:\/\/247stiri.ro\/index.php\/wp-json\/wp\/v2\/media?parent=37389"}],"wp:term":[{"taxonomy":"category","embeddable":true,"href":"https:\/\/247stiri.ro\/index.php\/wp-json\/wp\/v2\/categories?post=37389"},{"taxonomy":"post_tag","embeddable":true,"href":"https:\/\/247stiri.ro\/index.php\/wp-json\/wp\/v2\/tags?post=37389"}],"curies":[{"name":"wp","href":"https:\/\/api.w.org\/{rel}","templated":true}]}}