{"id":3740,"date":"2024-11-01T20:40:09","date_gmt":"2024-11-01T20:40:09","guid":{"rendered":"https:\/\/247stiri.ro\/index.php\/2024\/11\/01\/mateo-politi-medicul-impostor-cu-8-clase-care-a-facut-operatii-estetice-in-romania-in-italia-eu-sunt-liber-nu-am-fost-niciodata-arestat-romania-este-obligata-sa-mi-recunoasca-actele\/"},"modified":"2024-11-01T20:40:09","modified_gmt":"2024-11-01T20:40:09","slug":"mateo-politi-medicul-impostor-cu-8-clase-care-a-facut-operatii-estetice-in-romania-in-italia-eu-sunt-liber-nu-am-fost-niciodata-arestat-romania-este-obligata-sa-mi-recunoasca-actele","status":"publish","type":"post","link":"https:\/\/247stiri.ro\/index.php\/2024\/11\/01\/mateo-politi-medicul-impostor-cu-8-clase-care-a-facut-operatii-estetice-in-romania-in-italia-eu-sunt-liber-nu-am-fost-niciodata-arestat-romania-este-obligata-sa-mi-recunoasca-actele\/","title":{"rendered":"Mateo Politi, medicul impostor cu 8 clase care a f\u0103cut opera\u021bii estetice \u00een Rom\u00e2nia: \u00cen Italia, eu sunt liber. Nu am fost niciodat\u0103 arestat. Rom\u00e2nia este obligat\u0103 s\u0103-mi recunoasc\u0103 actele"},"content":{"rendered":"<p>\u00centr-un interviu acordat unui site de \u0219tiri, italianul a povestit c\u0103 \u00een \u0163ara natal\u0103 este un om liber, nu a fost arestat dec\u00e2t preventiv, pentru 24 de ore, \u015fi \u00een prezent profeseaz\u0103 ca medic. El acuz\u0103 autorit\u0103\u0163ile din Rom\u00e2nia c\u0103 l-au condamnat pe nedrept \u015fi c\u0103 sunt corupte.<\/p>\n<p>\u201eAm primit condamnarea \u00een martie 2023 pentru \u00een\u0219el\u0103ciune, c\u0103 am zis c\u0103 sunt medic \u0219i c\u0103 actele mele sunt false pentru statul rom\u00e2n. Dup\u0103 aceast\u0103 condamnare din luna martie, \u00een luna iunie un procuror din Rom\u00e2nia avea instrumentat un alt dosar \u00een timp ce eu eram trimis \u00een judecat\u0103. Dosarul a fost clasat pe v\u0103t\u0103mare corporal\u0103, c\u0103 nu am f\u0103cut nicio gre\u0219eal\u0103 medical\u0103. Dac\u0103 vii \u00een instan\u021b\u0103 f\u0103r\u0103 o expertiz\u0103 medico-legal\u0103, nu are nicio relevan\u021b\u0103. Nu ai cum s\u0103 vii f\u0103r\u0103 dovezi.<\/p>\n<p>Nu a fost depus\u0103 nicio peti\u021bie legal\u0103. Au fost doar 2-3 (\u00een dosarul de v\u0103t\u0103mare corporal\u0103, n.r.), printre care \u0219i fosta mea iubit\u0103 \u0219i o alt\u0103 rom\u00e2nc\u0103 din Italia. Pe pagina 16 a clas\u0103rii oficiale e scris c\u0103 diploma mea din Kosovo a fost recunoscut\u0103 \u0219i c\u0103 Poli\u021bia a verificat cu facultatea, a\u0219a cum am spus eu, c\u0103 eu am studiat acolo. Facultatea a r\u0103spuns pozitiv, moment \u00een care acest procuror claseaz\u0103 tot pentru c\u0103 faptele nu atest\u0103 nicio infrac\u021biune penal\u0103, de ce Rom\u00e2nia nu s-a autosesizat s\u0103 anuleze condamnarea f\u0103cut\u0103 precedent? Nu ar trebui ca eu s\u0103 fac aceast\u0103 revizuire. E b\u0103taie de joc! Tu m\u0103 condamni pentru fals \u00een acte, c\u00e2nd actele mele nu sunt false. S-au adus \u0219i probe false la \u00eenceput \u0219i abia apoi au fost aduse probele reale, dup\u0103 care s-a f\u0103cut clasarea\u201d, a declarat Matteo Politi.<\/p>\n<p>\u201eC\u00e2nd avocatul meu a mers s\u0103 vorbeasc\u0103 cu procurorul, acesta nu s-a prezentat. Acum este pe rol dosarul \u0219i cu acest procuror. Ei au depus o adeverin\u021b\u0103 de la facultatea la care am fost cu data 2017. Eu, atunci, eram \u00een Anglia. Dup\u0103 s-a f\u0103cut o traducere neoficial\u0103 \u0219i s-a schimbat data cu 2019, atunci a fost instrumentat dosarul. Eu am adus actele acestea Ambasadei Serbiei din Rom\u00e2nia, am vorbit cu consulul \u0219i am \u00eenregistrat audio. Am \u00eentrebat: a\u021bi f\u0103cut voi asta? Nu, este fals\u0103. Procurorul face lucruri ilegale. \u0218tampila e fals\u0103, semn\u0103tura e fals\u0103. Mai mult, ca proces de verificare, nu e legal. Trebuie f\u0103cut prin comisie. Eu am fost condamnat cu probe false, prin corup\u021bie\u201d, afirm\u0103 italianul.<\/p>\n<p>\u201e\u0218i dup\u0103 s-a trezit domnul procuror c\u0103 nu dore\u0219te probleme \u0219i a f\u0103cut o clasare prin dovezile primite de la facultatea mea. Dac\u0103 actele mele sunt false, cum de mi s-au recunoscut toate examenele? To\u021bi cei care au studiat \u00een str\u0103in\u0103tate, ca mine, nu pot avea echivalarea direct\u0103. Ei au verificat c\u0103 actele mele sunt legitime, m-au \u00eenscris la anul 4 \u0219i voi duce la bun sf\u00e2r\u0219it \u0219i voi avea diploma de medic \u00een Italia, recunoscut\u0103 din Serbia. Dac\u0103 Italia m-a recunoscut \u0219i dac\u0103 Italia a f\u0103cut verificarea cu Ministerul din Serbia, cum s\u0103 m\u0103 acuze pe mine \u00een Rom\u00e2nia de escrocherie?\u201d, \u00eentreab\u0103 Matteo Politi.<\/p>\n<p>\u201eDac\u0103 Rom\u00e2nia vrea s\u0103 fac\u0103 ceva corect cu mine, cred c\u0103 e mai bine s\u0103 se accepte situa\u021bia \u0219i revizuirea, anularea condamn\u0103rii. \u00cen Italia, eu sunt liber. Eu nu am fost niciodat\u0103 arestat. Am stat doar 24 de ore \u00een arest preventiv, a\u0219a cum era normal. Am mers \u00een instan\u021b\u0103 \u0219i am spus c\u0103 e b\u0103taie de joc. Am mers \u00een Italia \u00een televiziune \u0219i au venit ni\u0219te informa\u021bii din Rom\u00e2nia, cred c\u0103 au fost anumi\u021bi ziari\u0219ti din Rom\u00e2nia care mi-au dat dreptate. \u00centrebarea mea este de ce \u00een Rom\u00e2nia nu se spune adev\u0103rul? Eu am fost condamnat cu probe false. Eu am documentele originale! Eu am fost clasat \u00een Rom\u00e2nia, dar nu sunt medic fals, am \u0219i un doctorat de cercetare. Acolo, Laura Feldrihan m-a p\u0103c\u0103lit. Nu e fapt\u0103 penal\u0103 dac\u0103 lucrezi f\u0103r\u0103 Colegiul Medicilor. Eu am fost blocat \u00een Rom\u00e2nia 4 ani.<\/p>\n<p>Eu am Bacalaureatul recunoscut \u0219i \u00een Italia, mi s-au recunoscut toate examenele de medicin\u0103 de la Kosovo, am muncit, am studiat, am fost liber. Am f\u0103cut demersurile mele. Acum trebuie doar s\u0103 a\u0219tept. Dac\u0103 studiezi \u00een afara Italiei \u0219i vrei s\u0103 faci medicina, ai dou\u0103 posibilit\u0103\u021bi: mergi direct la Ministerul S\u0103n\u0103t\u0103\u021bii sau mergi la facultate. Mergi la facultate, e un concurs, trebuie s\u0103 ai actele legalizate, Bacalaureatul recunoscut \u00een Italia. Dup\u0103 dureaz\u0103 \u00eentre 3 \u0219i 3 luni jum\u0103tate, timp \u00een care se verific\u0103 aceste acte, dac\u0103 sunt false sau nu. Din anul 4 p\u00e2n\u0103 \u00een anul 6, trebuie s\u0103 practici \u00een spital. Nu am obligativitate la frecven\u021b\u0103 zilnic\u0103. \u00cen plus, muncesc, am f\u0103cut op\u021biunea de part-time, de 4 ore\u201d, mai spune el.<\/p>\n<p>\u201eDeci, dac\u0103 actele mele nu sunt false \u00een statul italian, Rom\u00e2nia e obligat\u0103 s\u0103 le recunoasc\u0103 \u0219i ea, pentru c\u0103 suntem \u00een spa\u021biul european. Asta e legea. Italia a\u0219teapt\u0103 ca Rom\u00e2nia s\u0103 anuleze condamnarea mea. Eu, dac\u0103 ies din Italia, ei las\u0103 mandatul cu condamnarea mea, pot fi arestat \u00een Anglia, de exemplu. Trebuie ca Rom\u00e2nia s\u0103 anuleze condamnarea mea bazat\u0103 pe acte false. Altfel, Rom\u00e2nia este obligat\u0103 prin CEDO s\u0103 anuleze aceast\u0103 condamnare.<\/p>\n<p>Dac\u0103 cazul meu a fost deschis \u0219i instrumentat \u0219i pl\u0103tit, nu e treaba mea. Eu cred c\u0103 lumea asta are mai multe probleme acum dec\u00e2t s\u0103 se g\u00e2ndeasc\u0103 la Matteo Politi. Acum, \u00een noiembrie, am cerut revizuirea la Judec\u0103toria Sectorului 1 \u0219i s-a respins aceast\u0103 cerere f\u0103r\u0103 nicio motivare. Dac\u0103 condamnarea sau cererea nu e motivat\u0103, e nul\u0103. Parchetul de pe l\u00e2ng\u0103 Judec\u0103toria Sectorului 1 a cerut anularea condamn\u0103rii \u0219i s-a spus c\u0103 nu a fost cerut a\u0219a ceva. Doamna procuror care a cerut anularea condamn\u0103rii, apoi \u00een instan\u021b\u0103 a spus c\u0103 trebuie s\u0103 fiu condamnat\u201d, a spus, din Italia, Matteo Politi.<\/p>","protected":false},"excerpt":{"rendered":"<p>\u00centr-un interviu acordat unui site de \u0219tiri, italianul a povestit c\u0103 \u00een \u0163ara natal\u0103 este&hellip;<\/p>\n","protected":false},"author":0,"featured_media":3741,"comment_status":"open","ping_status":"open","sticky":false,"template":"","format":"standard","meta":{"footnotes":""},"categories":[2],"tags":[],"class_list":["post-3740","post","type-post","status-publish","format-standard","has-post-thumbnail","hentry","category-actual"],"_links":{"self":[{"href":"https:\/\/247stiri.ro\/index.php\/wp-json\/wp\/v2\/posts\/3740","targetHints":{"allow":["GET"]}}],"collection":[{"href":"https:\/\/247stiri.ro\/index.php\/wp-json\/wp\/v2\/posts"}],"about":[{"href":"https:\/\/247stiri.ro\/index.php\/wp-json\/wp\/v2\/types\/post"}],"replies":[{"embeddable":true,"href":"https:\/\/247stiri.ro\/index.php\/wp-json\/wp\/v2\/comments?post=3740"}],"version-history":[{"count":0,"href":"https:\/\/247stiri.ro\/index.php\/wp-json\/wp\/v2\/posts\/3740\/revisions"}],"wp:featuredmedia":[{"embeddable":true,"href":"https:\/\/247stiri.ro\/index.php\/wp-json\/wp\/v2\/media\/3741"}],"wp:attachment":[{"href":"https:\/\/247stiri.ro\/index.php\/wp-json\/wp\/v2\/media?parent=3740"}],"wp:term":[{"taxonomy":"category","embeddable":true,"href":"https:\/\/247stiri.ro\/index.php\/wp-json\/wp\/v2\/categories?post=3740"},{"taxonomy":"post_tag","embeddable":true,"href":"https:\/\/247stiri.ro\/index.php\/wp-json\/wp\/v2\/tags?post=3740"}],"curies":[{"name":"wp","href":"https:\/\/api.w.org\/{rel}","templated":true}]}}