{"id":37401,"date":"2025-03-06T19:50:35","date_gmt":"2025-03-06T19:50:35","guid":{"rendered":"https:\/\/247stiri.ro\/index.php\/2025\/03\/06\/modificari-fara-precedent-in-interiorul-nato-planurile-radicale-ale-lui-donald-trump\/"},"modified":"2025-03-06T19:50:35","modified_gmt":"2025-03-06T19:50:35","slug":"modificari-fara-precedent-in-interiorul-nato-planurile-radicale-ale-lui-donald-trump","status":"publish","type":"post","link":"https:\/\/247stiri.ro\/index.php\/2025\/03\/06\/modificari-fara-precedent-in-interiorul-nato-planurile-radicale-ale-lui-donald-trump\/","title":{"rendered":"Modific\u0103ri f\u0103r\u0103 precedent \u00een interiorul NATO. Planurile radicale ale lui Donald Trump"},"content":{"rendered":"<p>\u015eeful Casei Albe a discutat cu consilierii s\u0103i posibilitatea de a calibra implicarea SUA \u00een NATO \u00eentr-un mod care s\u0103 \u00eei favorizeze pe membrii alian\u0163ei ce cheltuiesc un anumit procent din produsul lor intern brut pentru ap\u0103rare, au declarat oficialii. Ca parte a posibilei schimb\u0103ri de politic\u0103, SUA vor putea s\u0103 nu apere un membru NATO care este atacat, dac\u0103 \u0163ara respectiv\u0103 nu atinge pragul cheltuielilor de ap\u0103rare, au mai spus sursele NBC News.<\/p>\n<p>\u00cen cazul \u00een care Trump face aceast\u0103 schimbare, ea ar marca o \u00eendep\u0103rtare semnificativ\u0103 fa\u0163\u0103 de un principiu de baz\u0103 al alian\u0163ei, cunoscut sub numele de Articolul 5, care spune c\u0103 un atac asupra oric\u0103rei \u0163\u0103ri NATO este un atac asupra tuturor.<\/p>\n<p>Pre\u015fedintele ia \u00een considerare, de asemenea, o schimbare de politic\u0103 prin care SUA ar putea alege s\u0103 acorde prioritate exerci\u0163iilor militare cu membrii NATO care cheltuiesc procentul stabilit din PIB-ul lor pentru ap\u0103rare, au mai declarat oficialii.<\/p>\n<p>Administra\u0163ia sa a semnalat deja alia\u0163ilor europeni c\u0103 SUA \u015fi-ar putea reduce prezen\u0163a militar\u0103 \u00een Europa, iar o op\u0163iune luat\u0103 acum \u00een considerare este repozi\u0163ionarea unor trupe americane \u00een regiune, astfel \u00eenc\u00e2t acestea s\u0103 fie concentrate \u00een sau \u00een jurul \u0163\u0103rilor NATO care \u015fi-au modificat cheltuielile de ap\u0103rare pentru a atinge procentul cerut din PIB-urile lor, au mai spus oficialii.<\/p>\n<p>Trump a criticat \u00een repetate r\u00e2nduri \u0163\u0103rile NATO pentru c\u0103 nu \u00eendeplinesc obiectivul actual de a cheltui cel pu\u0163in 2% din PIB-ul lor pentru ap\u0103rare. El a sus\u0163inut c\u0103 disparitatea este nedreapt\u0103 \u015fi pune o povar\u0103 suplimentar\u0103 pe umerii SUA.<\/p>\n<p>\u0162\u0103rile NATO au convenit \u00een urm\u0103 cu mai bine de un deceniu s\u0103 stabileasc\u0103 obiectivul de cheltuieli pentru fiecare dintre ele la 2% din PIB. Dar Trump a f\u0103cut presiuni pentru cre\u015fterea acestui procent. Cel mai recent, el a declarat c\u0103 membrii NATO ar trebui s\u0103 cheltuiasc\u0103 5% din PIB-ul lor pentru ap\u0103rare, de\u015fi nici SUA nu fac acest lucru \u00een prezent.<\/p>\n<p>\u201eNATO trebuie s\u0103 pl\u0103teasc\u0103 mai mult\u201d, a spus Trump \u00een ianuarie dup\u0103 preluarea mandatului. \u201eEste ridicol, pentru c\u0103 ei sunt afecta\u0163i mult mai mult. Noi avem un ocean \u00eentre noi\u201d, a declarat Trump.<\/p>\n<p>Poten\u0163iala schimbare a modului \u00een care SUA particip\u0103 la NATO vine \u00een contextul \u00een care Trump \u00eei preseaz\u0103 pe alia\u0163ii europeni s\u0103 fac\u0103 mai mult pentru a ajuta Ucraina \u00een r\u0103zboiul s\u0103u cu Federa\u021bia Rus\u0103 \u015fi s\u0103 joace un rol major \u00een men\u0163inerea p\u0103cii \u00een \u0163ar\u0103, dac\u0103 se ajunge la un acord pentru a pune cap\u0103t r\u0103zboiului.<\/p>\n<p>\u201eAm fost contactat de mai mul\u0163i ambasadori europeni \u00eengrijora\u0163i de zvonurile c\u0103 Trump ar putea face vreun anun\u0163 negativ \u00een leg\u0103tur\u0103 NATO\u201d, a declarat senatorul democrat Chris Coons \u00eentr-un interviu acordat miercuri NBC News.<\/p>\n<p>Trump nu a anun\u0163at nimic \u00een discursul s\u0103u din fa\u0163a Congresului, rostit mar\u0163i sear\u0103, dar Coons a avertizat: \u201eDac\u0103 nu v\u0103 d\u0103 de g\u00e2ndit tot ceea ce \u00eenseamn\u0103 declara\u0163iile \u015fi ac\u0163iunile pre\u015fedintelui Trump \u00een materie de politic\u0103 extern\u0103 \u00eenseamn\u0103 c\u0103 nu sunte\u0163i aten\u0163i\u201d.<\/p>\n<p>Trump a amenin\u0163at s\u0103 retrag\u0103 SUA din NATO \u00een timpul primului s\u0103u mandat \u015fi a pus la \u00eendoial\u0103 beneficiile articolului 5 pentru SUA. Articolul a fost conceput pentru a proteja \u0163\u0103rile europene de Uniunea Sovietic\u0103 \u00een timpul R\u0103zboiului Rece. Acesta a fost activat o singur\u0103 dat\u0103, dup\u0103 atacurile din 11 septembrie asupra SUA.<\/p>\n<p>\u00centrebat dac\u0103 Trump ia \u00een considerare posibilitatea de a face schimb\u0103ri \u00een modul \u00een care SUA se implic\u0103 \u00een NATO, un oficial al Consiliului Na\u0163ional de Securitate a declarat c\u0103 \u201epre\u015fedintele Trump este angajat fa\u0163\u0103 de NATO \u015fi fa\u0163\u0103 de articolul V\u201d, precizeaz\u0103 NBC News.<\/p>\n<p>De asemenea, senatorul Chris Coons, principalul democrat din subcomisia Senatului pentru ap\u0103rare \u015fi unul dintre senatorii de rang \u00eenalt din Comisia pentru rela\u0163ii externe, a declarat c\u0103 nominalizatul lui Trump pentru func\u0163ia de ambasador al SUA la NATO, Matthew Whitaker, \u201ea dat r\u0103spunsuri foarte lini\u015ftitoare\u201d cu privire la angajamentul administra\u0163iei fa\u0163\u0103 de NATO \u015fi articolul 5.<\/p>\n<p>Potrivit celor mai recente statistici ale NATO, anul trecut cheltuielile de ap\u0103rare ale 23 de membri NATO au dep\u0103\u015fit 2% din PIB-ul lor. Cinci dintre aceste \u0163\u0103ri &#8211; Estonia, Grecia, Letonia, Polonia \u015fi SUA &#8211; au cheltuit mai mult de 3% pentru ap\u0103rare. Polonia a avut, de altfel, cel mai mare procent, dedic\u00e2nd 4,12% din PIB-ul s\u0103u ap\u0103r\u0103rii.<\/p>","protected":false},"excerpt":{"rendered":"<p>\u015eeful Casei Albe a discutat cu consilierii s\u0103i posibilitatea de a calibra implicarea SUA \u00een&hellip;<\/p>\n","protected":false},"author":0,"featured_media":37391,"comment_status":"open","ping_status":"open","sticky":false,"template":"","format":"standard","meta":{"footnotes":""},"categories":[2],"tags":[],"class_list":["post-37401","post","type-post","status-publish","format-standard","has-post-thumbnail","hentry","category-actual"],"_links":{"self":[{"href":"https:\/\/247stiri.ro\/index.php\/wp-json\/wp\/v2\/posts\/37401","targetHints":{"allow":["GET"]}}],"collection":[{"href":"https:\/\/247stiri.ro\/index.php\/wp-json\/wp\/v2\/posts"}],"about":[{"href":"https:\/\/247stiri.ro\/index.php\/wp-json\/wp\/v2\/types\/post"}],"replies":[{"embeddable":true,"href":"https:\/\/247stiri.ro\/index.php\/wp-json\/wp\/v2\/comments?post=37401"}],"version-history":[{"count":0,"href":"https:\/\/247stiri.ro\/index.php\/wp-json\/wp\/v2\/posts\/37401\/revisions"}],"wp:featuredmedia":[{"embeddable":true,"href":"https:\/\/247stiri.ro\/index.php\/wp-json\/wp\/v2\/media\/37391"}],"wp:attachment":[{"href":"https:\/\/247stiri.ro\/index.php\/wp-json\/wp\/v2\/media?parent=37401"}],"wp:term":[{"taxonomy":"category","embeddable":true,"href":"https:\/\/247stiri.ro\/index.php\/wp-json\/wp\/v2\/categories?post=37401"},{"taxonomy":"post_tag","embeddable":true,"href":"https:\/\/247stiri.ro\/index.php\/wp-json\/wp\/v2\/tags?post=37401"}],"curies":[{"name":"wp","href":"https:\/\/api.w.org\/{rel}","templated":true}]}}