{"id":37405,"date":"2025-03-06T19:50:36","date_gmt":"2025-03-06T19:50:36","guid":{"rendered":"https:\/\/247stiri.ro\/index.php\/2025\/03\/06\/ilie-bolojan-candidat-la-prezidentiale-unul-dintre-partidele-coalitiei-sustine-ca-nu-exista-un-asemenea-scenariu\/"},"modified":"2025-03-06T19:50:36","modified_gmt":"2025-03-06T19:50:36","slug":"ilie-bolojan-candidat-la-prezidentiale-unul-dintre-partidele-coalitiei-sustine-ca-nu-exista-un-asemenea-scenariu","status":"publish","type":"post","link":"https:\/\/247stiri.ro\/index.php\/2025\/03\/06\/ilie-bolojan-candidat-la-prezidentiale-unul-dintre-partidele-coalitiei-sustine-ca-nu-exista-un-asemenea-scenariu\/","title":{"rendered":"Ilie Bolojan, candidat la preziden\u021biale? Unul dintre partidele Coali\u021biei sus\u021bine c\u0103 \u201enu exist\u0103 un asemenea scenariu\u201d"},"content":{"rendered":"<p>Deputatul UDMR Zoltan Miklos a afirmat joi, 6 martie, c\u0103 nu exist\u0103 posibilitatea de a-l sus\u021bine pe Ilie Bolojan \u00een locul lui Crin Antonescu la alegerile preziden\u021biale \u0219i c\u0103 vor continua conform deciziilor luate de partidele din coali\u021bia de guvernare.<\/p>\n<p>Prezent la un post TV, Miklos a declarat c\u0103 \u201enu exist\u0103 un asemenea scenariu\u201d.<\/p>\n<p>\u201eEste un om care ne respect\u0103 pe noi, membrii comunit\u0103\u021bii maghiare \u0219i este un om cu care credem c\u0103 putem merge \u00eenainte pe drumul pe care mergem de 30 de ani\u201d, a explicat Miklos, referindu-se la Crin Antonescu.<\/p>\n<p>Elena Lasconi, pre\u0219edinta USR, a declarat c\u0103 Uniunea nu va sus\u021bine candidatura lui Crin Antonescu la func\u021bia de pre\u0219edinte. \u00cen schimb, a subliniat c\u0103 toate partidele pro-europene ar trebui s\u0103 manifeste \u00een\u021belepciune \u0219i s\u0103-l sprijine pe Ilie Bolojan pentru aceast\u0103 pozi\u021bie. \u00cen cazul \u00een care aceast\u0103 op\u021biune va fi adoptat\u0103, Lasconi ar fi dispus\u0103 s\u0103 renun\u021be la propria candidatur\u0103.<\/p>\n<p>\u201e\u00cen aceste dou\u0103 zile ar trebui s\u0103 fim \u00een\u021belep\u021bi, s\u0103 \u00eel sprijinim pe Ilie Bolojan pentru func\u021bia de pre\u0219edinte al Rom\u00e2niei\u201d, a spus Elena Lasconi, dup\u0103 discu\u021biile avute joi, 6 martie, cu pre\u0219edintele PSD, Marcel Ciolacu.<\/p>\n<p>\u00centrebat\u0103 despre mesajul transmis de Marcel Ciolacu \u00een leg\u0103tur\u0103 cu aceast\u0103 propunere, Lasconi a declarat: \u201edar din punctul meu de vedere, dar eu o s\u0103 am o discu\u021bie \u0219i cu biroul na\u021bional ast\u0103zi, din punctul meu de vedere, eu cred c\u0103 dac\u0103 Crin Antonescu sau Nicu\u0219or Dan ar ajunge \u00een turul 2, ar c\u00e2\u0219tiga candidatul izola\u021bioni\u0219tilor\u201d.<\/p>","protected":false},"excerpt":{"rendered":"<p>Deputatul UDMR Zoltan Miklos a afirmat joi, 6 martie, c\u0103 nu exist\u0103 posibilitatea de a-l&hellip;<\/p>\n","protected":false},"author":0,"featured_media":37406,"comment_status":"open","ping_status":"open","sticky":false,"template":"","format":"standard","meta":{"footnotes":""},"categories":[2],"tags":[],"class_list":["post-37405","post","type-post","status-publish","format-standard","has-post-thumbnail","hentry","category-actual"],"_links":{"self":[{"href":"https:\/\/247stiri.ro\/index.php\/wp-json\/wp\/v2\/posts\/37405","targetHints":{"allow":["GET"]}}],"collection":[{"href":"https:\/\/247stiri.ro\/index.php\/wp-json\/wp\/v2\/posts"}],"about":[{"href":"https:\/\/247stiri.ro\/index.php\/wp-json\/wp\/v2\/types\/post"}],"replies":[{"embeddable":true,"href":"https:\/\/247stiri.ro\/index.php\/wp-json\/wp\/v2\/comments?post=37405"}],"version-history":[{"count":0,"href":"https:\/\/247stiri.ro\/index.php\/wp-json\/wp\/v2\/posts\/37405\/revisions"}],"wp:featuredmedia":[{"embeddable":true,"href":"https:\/\/247stiri.ro\/index.php\/wp-json\/wp\/v2\/media\/37406"}],"wp:attachment":[{"href":"https:\/\/247stiri.ro\/index.php\/wp-json\/wp\/v2\/media?parent=37405"}],"wp:term":[{"taxonomy":"category","embeddable":true,"href":"https:\/\/247stiri.ro\/index.php\/wp-json\/wp\/v2\/categories?post=37405"},{"taxonomy":"post_tag","embeddable":true,"href":"https:\/\/247stiri.ro\/index.php\/wp-json\/wp\/v2\/tags?post=37405"}],"curies":[{"name":"wp","href":"https:\/\/api.w.org\/{rel}","templated":true}]}}