{"id":37441,"date":"2025-03-07T05:45:05","date_gmt":"2025-03-07T05:45:05","guid":{"rendered":"https:\/\/247stiri.ro\/index.php\/2025\/03\/07\/ilie-bolojan-amana-din-nou-convocarea-csat-pe-tema-anularii-alegerilor\/"},"modified":"2025-03-07T05:45:05","modified_gmt":"2025-03-07T05:45:05","slug":"ilie-bolojan-amana-din-nou-convocarea-csat-pe-tema-anularii-alegerilor","status":"publish","type":"post","link":"https:\/\/247stiri.ro\/index.php\/2025\/03\/07\/ilie-bolojan-amana-din-nou-convocarea-csat-pe-tema-anularii-alegerilor\/","title":{"rendered":"Ilie Bolojan am\u00e2n\u0103 din nou convocarea CSAT pe tema anul\u0103rii alegerilor"},"content":{"rendered":"<p>Ilie Bolojan a fost \u00eentrebat, joi sear\u0103, dac\u0103 va convoca CSAT pe tema anul\u0103rii alegerilor, a\u015fa cum a cerut premierul \u015fi a declarat: \u201dCred c\u0103 e nevoie s\u0103 convoc\u0103m un Consiliu, oricum este unul ordinar \u00een primul trimestru al acestui an, \u00een a\u015fa fel \u00eenc\u00e2t s\u0103 vedem dac\u0103 eist\u0103 implica\u0163ii care \u0163in de competen\u0163ele CSAT, dar convocarea unui CSAT se va face pe aspecte care \u0163in de partea de securitate \u015fi de ap\u0103rare\u201d.<\/p>\n<p>\u00centrebat dac\u0103 se va discuta despre alegeri, pre\u015fedintele interimar a precizat: \u201dP\u00e2n\u0103 \u00een momentul de fa\u0163\u0103, nu exist\u0103 niciun element suplimentar care s\u0103 duc\u0103 la o astfel de convocare, pe subiectul pe care l-a\u0163i men\u0163ionat\u201d.<\/p>\n<p>Premierul Marcel Ciolacu consider\u0103 oportun\u0103 convocarea CSAT, cu acordul pre\u015fedintelui interimar, pe tema dovezilor privind anularea alegerilor preziden\u0163iale, \u00een urma discursulului vicepre\u015fedintelui SUA, JD Vance, la Conferin\u0163a de Securitate de la M\u00fcnchen, au precizat surse politice pentru News.ro.<\/p>\n<p>\u00a0<\/p>\n<p>\u00a0<\/p>\n<p>\u00a0<\/p>","protected":false},"excerpt":{"rendered":"<p>Ilie Bolojan a fost \u00eentrebat, joi sear\u0103, dac\u0103 va convoca CSAT pe tema anul\u0103rii alegerilor,&hellip;<\/p>\n","protected":false},"author":0,"featured_media":37442,"comment_status":"open","ping_status":"open","sticky":false,"template":"","format":"standard","meta":{"footnotes":""},"categories":[3],"tags":[],"class_list":["post-37441","post","type-post","status-publish","format-standard","has-post-thumbnail","hentry","category-politica"],"_links":{"self":[{"href":"https:\/\/247stiri.ro\/index.php\/wp-json\/wp\/v2\/posts\/37441","targetHints":{"allow":["GET"]}}],"collection":[{"href":"https:\/\/247stiri.ro\/index.php\/wp-json\/wp\/v2\/posts"}],"about":[{"href":"https:\/\/247stiri.ro\/index.php\/wp-json\/wp\/v2\/types\/post"}],"replies":[{"embeddable":true,"href":"https:\/\/247stiri.ro\/index.php\/wp-json\/wp\/v2\/comments?post=37441"}],"version-history":[{"count":0,"href":"https:\/\/247stiri.ro\/index.php\/wp-json\/wp\/v2\/posts\/37441\/revisions"}],"wp:featuredmedia":[{"embeddable":true,"href":"https:\/\/247stiri.ro\/index.php\/wp-json\/wp\/v2\/media\/37442"}],"wp:attachment":[{"href":"https:\/\/247stiri.ro\/index.php\/wp-json\/wp\/v2\/media?parent=37441"}],"wp:term":[{"taxonomy":"category","embeddable":true,"href":"https:\/\/247stiri.ro\/index.php\/wp-json\/wp\/v2\/categories?post=37441"},{"taxonomy":"post_tag","embeddable":true,"href":"https:\/\/247stiri.ro\/index.php\/wp-json\/wp\/v2\/tags?post=37441"}],"curies":[{"name":"wp","href":"https:\/\/api.w.org\/{rel}","templated":true}]}}