{"id":37443,"date":"2025-03-07T05:45:06","date_gmt":"2025-03-07T05:45:06","guid":{"rendered":"https:\/\/247stiri.ro\/index.php\/2025\/03\/07\/calin-georgescu-isi-depune-astazi-candidatura-la-prezidentiale\/"},"modified":"2025-03-07T05:45:06","modified_gmt":"2025-03-07T05:45:06","slug":"calin-georgescu-isi-depune-astazi-candidatura-la-prezidentiale","status":"publish","type":"post","link":"https:\/\/247stiri.ro\/index.php\/2025\/03\/07\/calin-georgescu-isi-depune-astazi-candidatura-la-prezidentiale\/","title":{"rendered":"C\u0103lin Georgescu \u00ee\u0219i depune, ast\u0103zi, candidatura la preziden\u021biale\u00a0"},"content":{"rendered":"<p>C\u0103lin Georgescu este primul candidat care \u00ee\u0219i va depune dosarul la Biroul Electoral Central. Acesta va fi \u00eensotit de liderii partidelor AUR \u0219i POT.<\/p>\n<p>Totodat\u0103, sus\u021bin\u0103torii lui C\u0103lin Georgescu vor fi al\u0103turi de el, \u00een momentul \u00een care \u00ee\u0219i va \u00eenregistra candidatura. Mobilizarea are loc dup\u0103 ce Georgescu a atras atentia c\u0103 sus\u021binerea online nu este suficient\u0103.<\/p>\n<p>C\u0103lin Georgescu sustine, \u00eens\u0103, c\u0103 sistemul va \u00eencerca s\u0103 \u00eel blocheze, iar dac\u0103 se va reu\u0219i, Rom\u00e2nia ar putea fi izolat\u0103 pe plan extern.<\/p>\n<p>Georgescu: Nu am niciun interes s\u0103 scot Rom\u00e2nia din NATO \u0219i Uniunea European\u0103<\/p>\n<p>Candidatul independent a reiterat, la emisiunea Culisele Statului Paralel, c\u0103 nu vrea s\u0103 scoat\u0103 \u021bara din NATO \u0219i UE.\u00a0<\/p>\n<p>&#8222;La ora 16:00, o s\u0103-mi depun oficial candidatura pentru noile alegeri. Cu toate c\u0103 nu renun\u021b la reluarea turului 2. Am auzit c\u0103 vor s\u0103 blocheze. S\u0103 m\u0103 invalideze, cum dori\u021bi s-o lua\u021bi. A\u0219a. Sigur c\u0103 asta ar fi peste voin\u021ba poporului rom\u00e2n \u0219i categoric ar lovi n\u0103praznic, ca s\u0103 nu zic, ar distruge valori democratice. Dar eu am acest mesaj: nu exist\u0103 din punct de real s\u0103 se \u00eent\u00e2mple a\u0219a ceva din dou\u0103 motive. O dat\u0103 este c\u0103, pe plan intern, democra\u021bia ar fi complet distrus\u0103, iar Rom\u00e2nia, pe plan extern, ar avea o imagine pe care nu o mai po\u021bi controla din punct de vedere al situa\u021biei \u0219i leg\u0103turilor \u00een aceast\u0103 lume.\u00a0<\/p>\n<p>O s\u0103 v\u0103 spun ceea ce nu am spus p\u00e2n\u0103 acum, c\u0103 aceste alegeri au fost anulate sau, \u00een sf\u00e2r\u0219it, neconstitu\u021bional, ilegal, cum vre\u021bi s\u0103 o lua\u021bi. Au fost anulate din dou\u0103 motive: unul, pentru c\u0103 eu nu f\u0103ceam parte din sistem \u0219i dac\u0103, mai ales pe fondul cre\u0219terii \u0219i situa\u021biei care a avut loc \u00een noiembrie- decembrie au realizat c\u0103 a\u0219 fi c\u00e2\u0219tigat, atunci ei nu mai aveau acces &#8211; m\u0103 refer la securi\u0219ti \u0219i la clasa politic\u0103 &#8211; la putere \u0219i la bani. Asta este \u00een dou\u0103 cuvinte ce s-a \u00eent\u00e2mplat \u0219i din ce motive se \u00eent\u00e2mpl\u0103 \u0219i ast\u0103zi. Repet. \u0218i securi\u0219tii, \u0219i clasa politic\u0103 nu mai aveau acces nici la putere, nici la bani. \u0218i aici sunt dou\u0103 subpuncte: unul &#8211; nu este nicio dovad\u0103 la ceea ce au declarat ei pentru oprire. Nici acum, nu a fost nici atunci. Deci nu este nicio prob\u0103 \u0219i a doua este c\u0103 \u00eentotdeauna am luptat pentru turul 2. Permanent. Chiar \u0219i dup\u0103 decizia CEDO. P\u0103i era firesc.<\/p>\n<p>Este \u00een Europa, este Bruxelles. Vedem ce face \u0219i Fran\u021ba. Nu este ceva nou sub soare. Dar noi vom continua. De aceea spun: curaj \u0219i siguran\u021b\u0103 pentru c\u0103 aceasta este lec\u021bia \u0219i, \u00een momentul \u00een care \u00eenv\u0103\u021b\u0103m aceast\u0103 lec\u021bie, \u0219ti\u021bi de unde vine credin\u021ba? Credin\u021ba puternic\u0103 vine din lupta \u00eempotriva fricii. Trebuia s\u0103 ajungem aici, era necesar s\u0103 ajungem aici.<\/p>\n<p>Tot ce am vorbit noi, ba\u0219ca pe la alte emisiuni, toate au fost exact. Dup\u0103 aceea nu mai vorbesc de chestia pe care a\u021bi spus-o. Nu am de g\u00e2nd, nici nu m\u0103 intereseaz\u0103 s\u0103 scot Rom\u00e2nia din NATO \u0219i Uniunea European\u0103. Nu am niciun interes, nici nu vreau s\u0103 \u0219tiu de chestii de acest subiect.\u00a0<\/p>\n<p>M\u0103 intereseaz\u0103 s\u0103 negociez ce este mai bine pentru poporul meu. Asta este tot&#8221;, a spus C\u0103lin Georgescu, \u00een emisiunea Culisele Statului Paralel.<\/p>","protected":false},"excerpt":{"rendered":"<p>C\u0103lin Georgescu este primul candidat care \u00ee\u0219i va depune dosarul la Biroul Electoral Central. Acesta&hellip;<\/p>\n","protected":false},"author":0,"featured_media":37444,"comment_status":"open","ping_status":"open","sticky":false,"template":"","format":"standard","meta":{"footnotes":""},"categories":[3],"tags":[],"class_list":["post-37443","post","type-post","status-publish","format-standard","has-post-thumbnail","hentry","category-politica"],"_links":{"self":[{"href":"https:\/\/247stiri.ro\/index.php\/wp-json\/wp\/v2\/posts\/37443","targetHints":{"allow":["GET"]}}],"collection":[{"href":"https:\/\/247stiri.ro\/index.php\/wp-json\/wp\/v2\/posts"}],"about":[{"href":"https:\/\/247stiri.ro\/index.php\/wp-json\/wp\/v2\/types\/post"}],"replies":[{"embeddable":true,"href":"https:\/\/247stiri.ro\/index.php\/wp-json\/wp\/v2\/comments?post=37443"}],"version-history":[{"count":0,"href":"https:\/\/247stiri.ro\/index.php\/wp-json\/wp\/v2\/posts\/37443\/revisions"}],"wp:featuredmedia":[{"embeddable":true,"href":"https:\/\/247stiri.ro\/index.php\/wp-json\/wp\/v2\/media\/37444"}],"wp:attachment":[{"href":"https:\/\/247stiri.ro\/index.php\/wp-json\/wp\/v2\/media?parent=37443"}],"wp:term":[{"taxonomy":"category","embeddable":true,"href":"https:\/\/247stiri.ro\/index.php\/wp-json\/wp\/v2\/categories?post=37443"},{"taxonomy":"post_tag","embeddable":true,"href":"https:\/\/247stiri.ro\/index.php\/wp-json\/wp\/v2\/tags?post=37443"}],"curies":[{"name":"wp","href":"https:\/\/api.w.org\/{rel}","templated":true}]}}