{"id":37448,"date":"2025-03-07T05:45:08","date_gmt":"2025-03-07T05:45:08","guid":{"rendered":"https:\/\/247stiri.ro\/index.php\/2025\/03\/07\/copil-salvat-de-medici-dupa-o-infectie-grava-cu-tetanos-s-a-intepat-intr-un-cui-ruginit\/"},"modified":"2025-03-07T05:45:08","modified_gmt":"2025-03-07T05:45:08","slug":"copil-salvat-de-medici-dupa-o-infectie-grava-cu-tetanos-s-a-intepat-intr-un-cui-ruginit","status":"publish","type":"post","link":"https:\/\/247stiri.ro\/index.php\/2025\/03\/07\/copil-salvat-de-medici-dupa-o-infectie-grava-cu-tetanos-s-a-intepat-intr-un-cui-ruginit\/","title":{"rendered":"Copil salvat de medici, dup\u0103 o infec\u021bie grav\u0103 cu tetanos: s-a \u00een\u021bepat \u00eentr-un cui ruginit"},"content":{"rendered":"<p>\u201eCopilul, care este dintr-o localitate din jude\u021bul Mehedin\u021bi, a fost adus, la \u00eenceputul lunii februarie, cu un elicopter SMURD, la Spitalul de Boli Infec\u021bioase \u0219i Pneumoftiziologie \u201eDr. Victor Babe\u0219\u201d Timi\u0219oara, \u00een stare grav\u0103\u201d, au transmis reprezentan\u021bii Spitalului de Boli Infec\u021bioase Timi\u0219oara, joi, \u00eentr-un comunicat de pres\u0103.<\/p>\n<p>Medicii informeaz\u0103 c\u0103 tetanosul este o boal\u0103 infec\u021bioas\u0103 extrem de grav\u0103, care trebuie tratat\u0103 la timp, deoarece poate duce rapid la insuficien\u021b\u0103 respiratorie urmat\u0103 de stop cardiac.<\/p>\n<p>\u201eInfec\u021bia este produs\u0103 de bacteria Clostridium tetani. Aceasta afecteaz\u0103 sistemul nervos \u0219i ulterior duce la spasme musculare severe, insuficien\u021b\u0103 respiratorie acut\u0103 \u0219i apoi la paralizie. Riscul de deces este accentuat. Perioada de incuba\u021bie a bolii poate s\u0103 ajung\u0103 p\u00e2n\u0103 la trei s\u0103pt\u0103m\u00e2ni, dar, de obicei, simptomele apar \u00een primele 10 zile de la infectare\u201d, a explicat Daniel Jipa, medic specialist Anestezie \u0219i Terapie Intensiv\u0103 la Spitalul de Boli Infec\u021bioase Timi\u0219oara.<\/p>\n<p>\u00cen cazul b\u0103iatului, simptomele au ap\u0103rut rapid, iar starea lui s-a deteriorat. \u201eC\u00e2nd medicii de la spitalul din Drobeta Turnu Severin, \u00een urma anamnezei \u0219i a analizelor pacientului, au constatat c\u0103 are tetanos, iar starea lui se degradeaz\u0103 rapid, au decis s\u0103 \u00eel transfere de urgen\u021b\u0103 la Timi\u0219oara. A ajuns, la noi, \u00een Sec\u021bia de Anestezie \u0219i Terapie Intensiv\u0103, cu rigiditate muscular\u0103, cu spasme musculare generalizate \u0219i maxilar \u00eencle\u0219tat. Copilul a \u00eenceput s\u0103 aib\u0103 dificult\u0103\u021bi respiratorii, febr\u0103 \u0219i am decis, dup\u0103 24 de ore, s\u0103 \u00eel intub\u0103m\u201d, a ad\u0103ugat dr. Jipa.<\/p>\n<p>Timp de 21 de zile, copilul a fost intubat \u0219i ventilat mecanic, perioad\u0103 \u00een care a primit tratamente complexe cu imunoglobulin\u0103 antitetanic\u0103, antibiotice, relaxante musculare \u0219i terapie de sus\u021binere. Echipa medical\u0103 a colaborat cu chirurgi pediatri de la Spitalul \u201eLouis \u021aurcanu\u201d pentru cur\u0103\u021barea \u0219i debridarea pl\u0103gii.<\/p>\n<p>\u201eAsemenea cazuri, care sunt foarte rare, sunt extrem de greu de gestionat \u0219i, implicit, de tratat. Necesit\u0103 o interven\u021bie medical\u0103 rapid\u0103 \u0219i suport avansat de terapie intensiv\u0103. Evolu\u021bia bolii este imprevizibil\u0103 \u0219i pot ap\u0103rea \u00een orice moment complica\u021bii, dar am reu\u0219it, datorit\u0103 echipei care a gestionat acest caz, s\u0103 ii salv\u0103m via\u021ba\u201d, a precizat dr. Mirela Poro\u0219nicu, \u0219efa sec\u021biei ATI.<\/p>\n<p>Acesta este al treilea caz de tetanos tratat cu succes la Spitalul \u201eVictor Babe\u0219\u201d \u00een ultimii doi ani. Medicii subliniaz\u0103 importan\u021ba vaccin\u0103rii antitetanice, care face parte din schema na\u021bional\u0103 de imunizare \u0219i este cea mai eficient\u0103 metod\u0103 de prevenire a bolii.<\/p>","protected":false},"excerpt":{"rendered":"<p>\u201eCopilul, care este dintr-o localitate din jude\u021bul Mehedin\u021bi, a fost adus, la \u00eenceputul lunii februarie,&hellip;<\/p>\n","protected":false},"author":0,"featured_media":37449,"comment_status":"open","ping_status":"open","sticky":false,"template":"","format":"standard","meta":{"footnotes":""},"categories":[2],"tags":[],"class_list":["post-37448","post","type-post","status-publish","format-standard","has-post-thumbnail","hentry","category-actual"],"_links":{"self":[{"href":"https:\/\/247stiri.ro\/index.php\/wp-json\/wp\/v2\/posts\/37448","targetHints":{"allow":["GET"]}}],"collection":[{"href":"https:\/\/247stiri.ro\/index.php\/wp-json\/wp\/v2\/posts"}],"about":[{"href":"https:\/\/247stiri.ro\/index.php\/wp-json\/wp\/v2\/types\/post"}],"replies":[{"embeddable":true,"href":"https:\/\/247stiri.ro\/index.php\/wp-json\/wp\/v2\/comments?post=37448"}],"version-history":[{"count":0,"href":"https:\/\/247stiri.ro\/index.php\/wp-json\/wp\/v2\/posts\/37448\/revisions"}],"wp:featuredmedia":[{"embeddable":true,"href":"https:\/\/247stiri.ro\/index.php\/wp-json\/wp\/v2\/media\/37449"}],"wp:attachment":[{"href":"https:\/\/247stiri.ro\/index.php\/wp-json\/wp\/v2\/media?parent=37448"}],"wp:term":[{"taxonomy":"category","embeddable":true,"href":"https:\/\/247stiri.ro\/index.php\/wp-json\/wp\/v2\/categories?post=37448"},{"taxonomy":"post_tag","embeddable":true,"href":"https:\/\/247stiri.ro\/index.php\/wp-json\/wp\/v2\/tags?post=37448"}],"curies":[{"name":"wp","href":"https:\/\/api.w.org\/{rel}","templated":true}]}}