{"id":37460,"date":"2025-03-07T06:46:04","date_gmt":"2025-03-07T06:46:04","guid":{"rendered":"https:\/\/247stiri.ro\/index.php\/2025\/03\/07\/razboi-in-ucraina-ziua-1108-reuniune-cruciala-a-sefilor-de-stat-major-europeni-pe-11-martie-la-paris-in-prezenta-presedintelui-macron-live-text\/"},"modified":"2025-03-07T06:46:04","modified_gmt":"2025-03-07T06:46:04","slug":"razboi-in-ucraina-ziua-1108-reuniune-cruciala-a-sefilor-de-stat-major-europeni-pe-11-martie-la-paris-in-prezenta-presedintelui-macron-live-text","status":"publish","type":"post","link":"https:\/\/247stiri.ro\/index.php\/2025\/03\/07\/razboi-in-ucraina-ziua-1108-reuniune-cruciala-a-sefilor-de-stat-major-europeni-pe-11-martie-la-paris-in-prezenta-presedintelui-macron-live-text\/","title":{"rendered":"R\u0103zboi \u00een Ucraina, ziua 1108. Reuniune crucial\u0103 a \u0219efilor de stat major europeni pe 11 martie, la Paris, \u00een prezen\u021ba pre\u0219edintelui Macron &#8211; LIVE TEXT"},"content":{"rendered":"<p>UPDATE\u00a0\u0218efii de stat-major din \u021b\u0103rile europene dispuse s\u0103 garanteze o viitoare pace \u00een Ucraina se vor reuni mar\u021bi la Paris \u00een prezen\u021ba lui Emmanuel Macron, care i-a invitat joi \u0219i pe omologii s\u0103i &#8216;care doresc s\u0103 participe&#8217;, cu scopul de a \u00eembun\u0103t\u0103\u021bi planul s\u0103u de a pune cap\u0103t definitiv r\u0103zboiului, scrie AFP.<\/p>\n<p>Aceast\u0103 reuniune anun\u021bat\u0103 miercuri sear\u0103 de pre\u0219edintele francez se refer\u0103 \u00een special la &#8216;\u0219efii de stat-major din \u021b\u0103rile care doresc s\u0103-\u0219i asume responsabilitatea&#8217; \u00een cazul unei eventuale &#8216;desf\u0103\u0219ur\u0103ri de for\u021be europene&#8217; \u00een Ucraina pentru &#8216;a garanta respectarea deplin\u0103&#8217; a unui viitor acord de pace.<\/p>\n<p>&#8216;Toate \u021b\u0103rile vor fi invitate mar\u021bi&#8217;, &#8216;\u00een str\u00e2ns\u0103 coordonare&#8217; cu &#8216;comandamentul militar al NATO care va fi, de asemenea, asociat acestui demers&#8217;, a precizat el joi \u00een fa\u021ba presei la finalul unui summit european la Bruxelles. Emmanuel Macron a ad\u0103ugat c\u0103 va spune &#8216;probabil c\u00e2teva cuvinte&#8217; la aceast\u0103 \u00eent\u00e2lnire.<\/p>\n<p>Emmanuel Macron, \u00eempreun\u0103 cu premierul britanic Keir Starmer, \u00een coordonare cu pre\u0219edintele ucrainean Volodimir Zelenski \u0219i al\u021bi c\u00e2\u021biva lideri europeni, \u00eencearc\u0103 s\u0103 pun\u0103 la punct un plan de pace cu scopul de a evita ca negocierile dintre Statele Unite \u0219i Rusia s\u0103 conduc\u0103 la &#8216;o \u00eencetare a focului negociat\u0103 \u00een grab\u0103, f\u0103r\u0103 nicio garan\u021bie&#8217;.<\/p>","protected":false},"excerpt":{"rendered":"<p>UPDATE\u00a0\u0218efii de stat-major din \u021b\u0103rile europene dispuse s\u0103 garanteze o viitoare pace \u00een Ucraina se&hellip;<\/p>\n","protected":false},"author":0,"featured_media":37461,"comment_status":"open","ping_status":"open","sticky":false,"template":"","format":"standard","meta":{"footnotes":""},"categories":[4],"tags":[],"class_list":["post-37460","post","type-post","status-publish","format-standard","has-post-thumbnail","hentry","category-extern"],"_links":{"self":[{"href":"https:\/\/247stiri.ro\/index.php\/wp-json\/wp\/v2\/posts\/37460","targetHints":{"allow":["GET"]}}],"collection":[{"href":"https:\/\/247stiri.ro\/index.php\/wp-json\/wp\/v2\/posts"}],"about":[{"href":"https:\/\/247stiri.ro\/index.php\/wp-json\/wp\/v2\/types\/post"}],"replies":[{"embeddable":true,"href":"https:\/\/247stiri.ro\/index.php\/wp-json\/wp\/v2\/comments?post=37460"}],"version-history":[{"count":0,"href":"https:\/\/247stiri.ro\/index.php\/wp-json\/wp\/v2\/posts\/37460\/revisions"}],"wp:featuredmedia":[{"embeddable":true,"href":"https:\/\/247stiri.ro\/index.php\/wp-json\/wp\/v2\/media\/37461"}],"wp:attachment":[{"href":"https:\/\/247stiri.ro\/index.php\/wp-json\/wp\/v2\/media?parent=37460"}],"wp:term":[{"taxonomy":"category","embeddable":true,"href":"https:\/\/247stiri.ro\/index.php\/wp-json\/wp\/v2\/categories?post=37460"},{"taxonomy":"post_tag","embeddable":true,"href":"https:\/\/247stiri.ro\/index.php\/wp-json\/wp\/v2\/tags?post=37460"}],"curies":[{"name":"wp","href":"https:\/\/api.w.org\/{rel}","templated":true}]}}