{"id":37463,"date":"2025-03-07T06:46:05","date_gmt":"2025-03-07T06:46:05","guid":{"rendered":"https:\/\/247stiri.ro\/index.php\/2025\/03\/07\/calin-georgescu-familia-a-trecut-prin-clipe-grele-cand-am-fost-saltat-din-trafic-marturii-emotionate\/"},"modified":"2025-03-07T06:46:05","modified_gmt":"2025-03-07T06:46:05","slug":"calin-georgescu-familia-a-trecut-prin-clipe-grele-cand-am-fost-saltat-din-trafic-marturii-emotionate","status":"publish","type":"post","link":"https:\/\/247stiri.ro\/index.php\/2025\/03\/07\/calin-georgescu-familia-a-trecut-prin-clipe-grele-cand-am-fost-saltat-din-trafic-marturii-emotionate\/","title":{"rendered":"C\u0103lin Georgescu: &#8222;Familia a trecut prin clipe grele c\u00e2nd am fost s\u0103ltat din trafic&#8221;. M\u0103rturii emo\u021bionate"},"content":{"rendered":"<p>Anca Alexandrescu: Cum a trecut familia dvs sau cum a tr\u0103it familia dvs aceste trei luni de zile?<\/p>\n<p>C\u0103lin Georgescu: Cu demnitate. I-am rugat s\u0103 \u00een\u021beleag\u0103 c\u0103 \u00een aceste momente avem nevoie de r\u0103bdare \u0219i de credin\u021b\u0103. \u0218i, al\u0103turi de so\u021bia mea care este o st\u00e2nc\u0103 de granit, am dep\u0103\u0219it \u0219i dep\u0103\u0219im aceste momente, cum am spus, cu r\u0103bdare \u0219i cu credin\u021b\u0103. E nevoie, sigur, de suflet \u00eenc\u0103rcat de iubire \u0219i de faptul c\u0103 Dumnezeu nu ne va p\u0103r\u0103si.<\/p>\n<p>Anca Alexandrescu: Copiii au suferit?<\/p>\n<p>C\u0103lin Georgescu: Copiii sunt \u0219i ei educa\u021bi \u00een acela\u0219i spirit. Nu este o chestiune simpl\u0103, categoric, dar cu demnitate trecem.<\/p>\n<p>Pentru b\u0103iatul meu cel mare, sigur, iar\u0103\u0219i nu a fost simplu din prima c\u0103s\u0103torie, pentru familia lui, dar, repet, toat\u0103 lumea a trecut cu demnitate \u0219i continua s\u0103 \u021bin\u0103 acest spirit \u00eenalt pentru c\u0103 nu avem alt cumva dec\u00e2t s\u0103 trecem, dec\u00e2t numai a\u0219a.<\/p>\n<p>Anca Alexandrescu: Ce v-au spus copiii c\u00e2nd a\u021bi venit seara de la Parchetul General?<\/p>\n<p>C\u0103lin Georgescu: M-au \u00eembr\u0103\u021bit \u0219i &#8222;Tata, ne bucur\u0103m c\u0103 te vedem&#8221;.<\/p>","protected":false},"excerpt":{"rendered":"<p>Anca Alexandrescu: Cum a trecut familia dvs sau cum a tr\u0103it familia dvs aceste trei&hellip;<\/p>\n","protected":false},"author":0,"featured_media":37464,"comment_status":"open","ping_status":"open","sticky":false,"template":"","format":"standard","meta":{"footnotes":""},"categories":[3],"tags":[],"class_list":["post-37463","post","type-post","status-publish","format-standard","has-post-thumbnail","hentry","category-politica"],"_links":{"self":[{"href":"https:\/\/247stiri.ro\/index.php\/wp-json\/wp\/v2\/posts\/37463","targetHints":{"allow":["GET"]}}],"collection":[{"href":"https:\/\/247stiri.ro\/index.php\/wp-json\/wp\/v2\/posts"}],"about":[{"href":"https:\/\/247stiri.ro\/index.php\/wp-json\/wp\/v2\/types\/post"}],"replies":[{"embeddable":true,"href":"https:\/\/247stiri.ro\/index.php\/wp-json\/wp\/v2\/comments?post=37463"}],"version-history":[{"count":0,"href":"https:\/\/247stiri.ro\/index.php\/wp-json\/wp\/v2\/posts\/37463\/revisions"}],"wp:featuredmedia":[{"embeddable":true,"href":"https:\/\/247stiri.ro\/index.php\/wp-json\/wp\/v2\/media\/37464"}],"wp:attachment":[{"href":"https:\/\/247stiri.ro\/index.php\/wp-json\/wp\/v2\/media?parent=37463"}],"wp:term":[{"taxonomy":"category","embeddable":true,"href":"https:\/\/247stiri.ro\/index.php\/wp-json\/wp\/v2\/categories?post=37463"},{"taxonomy":"post_tag","embeddable":true,"href":"https:\/\/247stiri.ro\/index.php\/wp-json\/wp\/v2\/tags?post=37463"}],"curies":[{"name":"wp","href":"https:\/\/api.w.org\/{rel}","templated":true}]}}