{"id":37465,"date":"2025-03-07T06:46:06","date_gmt":"2025-03-07T06:46:06","guid":{"rendered":"https:\/\/247stiri.ro\/index.php\/2025\/03\/07\/romania-va-primi-bani-europeni-pentru-aparare-conditiile-premierului-ciolacu-unde-vor-fi-alocate-sumele\/"},"modified":"2025-03-07T06:46:06","modified_gmt":"2025-03-07T06:46:06","slug":"romania-va-primi-bani-europeni-pentru-aparare-conditiile-premierului-ciolacu-unde-vor-fi-alocate-sumele","status":"publish","type":"post","link":"https:\/\/247stiri.ro\/index.php\/2025\/03\/07\/romania-va-primi-bani-europeni-pentru-aparare-conditiile-premierului-ciolacu-unde-vor-fi-alocate-sumele\/","title":{"rendered":"Rom\u00e2nia va primi bani europeni pentru AP\u0102RARE. Condi\u021biile premierului Ciolacu: unde vor fi alocate sumele"},"content":{"rendered":"<p>Este vorba despre un nou plan de ap\u0103rare a Uniunii Europene, pe care pre\u0219edintele Comisiei Europene Ursula von der Leyene vrea s\u0103 \u00eel implementeze de urgen\u021b\u0103.\u00a0<\/p>\n<p>Concret, se vorbe\u0219te despre o re\u00eenarmare a statelor din Uniune &#8211; inclusiv \u00een Rom\u00e2nia, f\u0103cut\u0103 \u00een 5 pa\u0219i. Astfel, acestea trebuie s\u0103 aloce p\u00e2n\u0103 la 1,5% din PIB pentru ap\u0103rare, iar pentru acest lucru &#8211; spune von der Leyen &#8211; au fost mobilizate 800 de miliarde de euro pentru ca statele care se confrunt\u0103 cu deficitul bugetar s\u0103 nu fie afectate de cheltuieli.\u00a0<\/p>\n<p>La noi \u00een \u021bar\u0103, m\u0103sura este bine primit\u0103 de premierul Marcel Ciolacu, \u00eens\u0103 acesta a impus o serie de condi\u021bii, respectiv sumele care vor fi alocate pentru ap\u0103rare s\u0103 fie redirec\u021bionate c\u0103tre fabricile rom\u00e2ne\u0219ti \u0219i sub nicio form\u0103 trupele rom\u00e2ne\u0219ti s\u0103 nu fie dislocate \u00een Ucraina.\u00a0<\/p>\n<p>Acesta plan a fost dezb\u0103tut \u00een summitul extraordinar convocat la Bruxelles, acolo unde a fost prezent \u0219i pre\u0219edintele interimar Ilie Bolojan.\u00a0<\/p>","protected":false},"excerpt":{"rendered":"<p>Este vorba despre un nou plan de ap\u0103rare a Uniunii Europene, pe care pre\u0219edintele Comisiei&hellip;<\/p>\n","protected":false},"author":0,"featured_media":37466,"comment_status":"open","ping_status":"open","sticky":false,"template":"","format":"standard","meta":{"footnotes":""},"categories":[3],"tags":[],"class_list":["post-37465","post","type-post","status-publish","format-standard","has-post-thumbnail","hentry","category-politica"],"_links":{"self":[{"href":"https:\/\/247stiri.ro\/index.php\/wp-json\/wp\/v2\/posts\/37465","targetHints":{"allow":["GET"]}}],"collection":[{"href":"https:\/\/247stiri.ro\/index.php\/wp-json\/wp\/v2\/posts"}],"about":[{"href":"https:\/\/247stiri.ro\/index.php\/wp-json\/wp\/v2\/types\/post"}],"replies":[{"embeddable":true,"href":"https:\/\/247stiri.ro\/index.php\/wp-json\/wp\/v2\/comments?post=37465"}],"version-history":[{"count":0,"href":"https:\/\/247stiri.ro\/index.php\/wp-json\/wp\/v2\/posts\/37465\/revisions"}],"wp:featuredmedia":[{"embeddable":true,"href":"https:\/\/247stiri.ro\/index.php\/wp-json\/wp\/v2\/media\/37466"}],"wp:attachment":[{"href":"https:\/\/247stiri.ro\/index.php\/wp-json\/wp\/v2\/media?parent=37465"}],"wp:term":[{"taxonomy":"category","embeddable":true,"href":"https:\/\/247stiri.ro\/index.php\/wp-json\/wp\/v2\/categories?post=37465"},{"taxonomy":"post_tag","embeddable":true,"href":"https:\/\/247stiri.ro\/index.php\/wp-json\/wp\/v2\/tags?post=37465"}],"curies":[{"name":"wp","href":"https:\/\/api.w.org\/{rel}","templated":true}]}}