{"id":37468,"date":"2025-03-07T06:46:07","date_gmt":"2025-03-07T06:46:07","guid":{"rendered":"https:\/\/247stiri.ro\/index.php\/2025\/03\/07\/temperaturi-mai-ridicate-decat-cele-normale-si-ploi-slabe-pana-la-inceputul-lunii-aprilie-cum-arata-noua-prognoza-meteo-actualizata-de-anm\/"},"modified":"2025-03-07T06:46:07","modified_gmt":"2025-03-07T06:46:07","slug":"temperaturi-mai-ridicate-decat-cele-normale-si-ploi-slabe-pana-la-inceputul-lunii-aprilie-cum-arata-noua-prognoza-meteo-actualizata-de-anm","status":"publish","type":"post","link":"https:\/\/247stiri.ro\/index.php\/2025\/03\/07\/temperaturi-mai-ridicate-decat-cele-normale-si-ploi-slabe-pana-la-inceputul-lunii-aprilie-cum-arata-noua-prognoza-meteo-actualizata-de-anm\/","title":{"rendered":"Temperaturi mai ridicate dec\u00e2t cele normale \u0219i ploi slabe, p\u00e2n\u0103 la \u00eenceputul lunii aprilie. Cum arat\u0103 noua prognoz\u0103 meteo, actualizat\u0103 de ANM"},"content":{"rendered":"<p>S\u0103pt\u0103m\u00e2na 10-17 martie<\/p>\n<p>Valorile termice vor fi mai ridicate dec\u00e2t cele specifice pentru aceast\u0103 s\u0103pt\u0103m\u00e2n\u0103, pe \u00eentreg teritoriul Rom\u00e2niei.<\/p>\n<p>Regimul pluviometric va fi excedentar \u00een regiunile vestice \u015fi nordvestice, iar \u00een rest va fi \u00een general apropiat de cel normal pentru acest interval.<\/p>\n<p>S\u0103pt\u0103m\u00e2na 17-24 martie<\/p>\n<p>Temperaturile medii vor fi u\u015for mai ridicate dec\u00e2t cele normale pentru aceast\u0103 perioad\u0103 \u00een toate regiunile.<\/p>\n<p>Cantit\u0103\u0163ile de precipita\u0163ii se vor situa \u00een general \u00een jurul celor normale pentru acest interval la nivelul \u00eentregii \u0163\u0103ri.<\/p>\n<p>S\u0103pt\u0103m\u00e2na 24-31 martie<\/p>\n<p>Temperatura medie a aerului va avea valori mai ridicate dec\u00e2t cele normale pentru aceast\u0103 perioad\u0103 \u00een toate regiunile.<\/p>\n<p>Regimul pluviometric va fi u\u015for deficitar \u00een regiunile sud-vestice, iar \u00een rest va fi \u00een general apropiat de cel normal pentru acest interval.<\/p>\n<p>S\u0103pt\u0103m\u00e2na 31 martie &#8211; 7 aprilie<\/p>\n<p>Mediile valorilor termice se vor situa u\u015for peste cele specifice pentru aceast\u0103 s\u0103pt\u0103m\u00e2n\u0103, pe \u00eentreg teritoriul Rom\u00e2niei.<\/p>\n<p>Cantit\u0103\u0163ile de precipita\u0163ii vor fi apropiate de cele normale pentru aceast\u0103 perioad\u0103 la nivelul \u00eentregii \u0163\u0103ri.<\/p>","protected":false},"excerpt":{"rendered":"<p>S\u0103pt\u0103m\u00e2na 10-17 martie Valorile termice vor fi mai ridicate dec\u00e2t cele specifice pentru aceast\u0103 s\u0103pt\u0103m\u00e2n\u0103,&hellip;<\/p>\n","protected":false},"author":0,"featured_media":37469,"comment_status":"open","ping_status":"open","sticky":false,"template":"","format":"standard","meta":{"footnotes":""},"categories":[2],"tags":[],"class_list":["post-37468","post","type-post","status-publish","format-standard","has-post-thumbnail","hentry","category-actual"],"_links":{"self":[{"href":"https:\/\/247stiri.ro\/index.php\/wp-json\/wp\/v2\/posts\/37468","targetHints":{"allow":["GET"]}}],"collection":[{"href":"https:\/\/247stiri.ro\/index.php\/wp-json\/wp\/v2\/posts"}],"about":[{"href":"https:\/\/247stiri.ro\/index.php\/wp-json\/wp\/v2\/types\/post"}],"replies":[{"embeddable":true,"href":"https:\/\/247stiri.ro\/index.php\/wp-json\/wp\/v2\/comments?post=37468"}],"version-history":[{"count":0,"href":"https:\/\/247stiri.ro\/index.php\/wp-json\/wp\/v2\/posts\/37468\/revisions"}],"wp:featuredmedia":[{"embeddable":true,"href":"https:\/\/247stiri.ro\/index.php\/wp-json\/wp\/v2\/media\/37469"}],"wp:attachment":[{"href":"https:\/\/247stiri.ro\/index.php\/wp-json\/wp\/v2\/media?parent=37468"}],"wp:term":[{"taxonomy":"category","embeddable":true,"href":"https:\/\/247stiri.ro\/index.php\/wp-json\/wp\/v2\/categories?post=37468"},{"taxonomy":"post_tag","embeddable":true,"href":"https:\/\/247stiri.ro\/index.php\/wp-json\/wp\/v2\/tags?post=37468"}],"curies":[{"name":"wp","href":"https:\/\/api.w.org\/{rel}","templated":true}]}}