{"id":37470,"date":"2025-03-07T06:46:08","date_gmt":"2025-03-07T06:46:08","guid":{"rendered":"https:\/\/247stiri.ro\/index.php\/2025\/03\/07\/schimbari-uriase-in-programul-rabla-2025-ce-masini-nu-vor-mai-fi-finantate-dealerii-vor-fi-exclusi\/"},"modified":"2025-03-07T06:46:08","modified_gmt":"2025-03-07T06:46:08","slug":"schimbari-uriase-in-programul-rabla-2025-ce-masini-nu-vor-mai-fi-finantate-dealerii-vor-fi-exclusi","status":"publish","type":"post","link":"https:\/\/247stiri.ro\/index.php\/2025\/03\/07\/schimbari-uriase-in-programul-rabla-2025-ce-masini-nu-vor-mai-fi-finantate-dealerii-vor-fi-exclusi\/","title":{"rendered":"Schimb\u0103ri uria\u0219e \u00een programul Rabla 2025: ce ma\u0219ini NU vor mai fi finan\u021bate. Dealerii vor fi EXCLU\u0218I"},"content":{"rendered":"<p>De asemenea, Fechet a precizat, la un post TV, c\u0103 vor fi eliminate sesiunile de prim\u0103var\u0103 \u0219i toamn\u0103, iar \u00eenscrierile nu se vor mai face printr-un dealer.<\/p>\n<p>\u201eRom\u00e2nii vor putea, pur \u015fi simplu, s\u0103 intre \u00een aplica\u0163ia informatic\u0103 \u015fi s\u0103 \u00ee\u015fi genereze singuri voucherul, indiferent dac\u0103 discut\u0103m despre motoare conven\u0163ionale, despre ma\u015fini plug-in hybrid sau despre ma\u015fini electrice\u201d, a explicat ministrul.<\/p>\n<p>Pe l\u00e2ng\u0103 asta, ministrul a anun\u021bat c\u0103 vor fi eliminate ma\u0219inile cu motor termic.<\/p>\n<p>\u201eVa trebui s\u0103 finan\u0163\u0103m autoturisme din ce \u00een ce mai prietenoase cu mediul, lucru pe care l-am f\u0103cut \u00een mod constant \u00een ultimii ani. Din acest motiv propunerea mea va fi \u00een sensul elimin\u0103rii acestei categorii de ma\u0219ini cu motor termic. De altfel, nici nu mai exist\u0103 multe astfel de modele\u201d, a ad\u0103ugat ministrul Mediului.<\/p>\n<p><a href=\"https:\/\/www.realitatea.net\/stiri\/actual\/rabla-pentru-termopane-cum-isi-pot-schimba-romanii-ferestrele-vechi-pe-banii-statului_67c049d11123e11343093792\" target=\"_blank\">Rabla pentru termopane. Cum \u00ee\u0219i pot schimba rom\u00e2nii ferestrele vechi pe banii statului<\/a><\/p>\n<p>Cu privire la \u00eent\u00e2rzierea lans\u0103rii oficiale a noului program, Fechet a exlicat c\u0103 s\u0103pt\u0103m\u00e2na aceasta va avansa ghidul privind finan\u0163area programului Rabla.<\/p>\n<p>\u201eUrm\u00e2nd, spun eu, ca odat\u0103 cu aprobarea bugetului Administra\u0163iei Fondului pentru Mediu (AFM), s\u0103 demar\u0103m efectiv programul. Asta \u00eenseamn\u0103 c\u0103 nu vom ajunge neap\u0103rat \u00een luna mai. Cred c\u0103 programul poate \u00eencepe mai devreme\u201d, a ad\u0103ugat Fechet.<\/p>\n<p>Anterior, Ministerul Mediului anun\u021base c\u0103 programul nu poate \u00eencepe mai devreme de luna mai, potrivit declara\u021biilor oferite publica\u021biei Profit.ro din partea unor surse din industria auto. Astfel, au confirmat c\u0103 programul are \u00eent\u00e2rzieri cauzate de faptul c\u0103 \u00eentreaga legisla\u021bie trebuie ref\u0103cut\u0103 \u00een acest an, odat\u0103 cu modific\u0103rile substan\u021biale decise de ministrul Mediului, dar \u0219i din cauz\u0103 c\u0103 bugetul programului va trebui s\u0103 fie aprobat de Ministerul de Finan\u021be. \u00a0<\/p>\n<p>\u00a0<\/p>","protected":false},"excerpt":{"rendered":"<p>De asemenea, Fechet a precizat, la un post TV, c\u0103 vor fi eliminate sesiunile de&hellip;<\/p>\n","protected":false},"author":0,"featured_media":37457,"comment_status":"open","ping_status":"open","sticky":false,"template":"","format":"standard","meta":{"footnotes":""},"categories":[2],"tags":[],"class_list":["post-37470","post","type-post","status-publish","format-standard","has-post-thumbnail","hentry","category-actual"],"_links":{"self":[{"href":"https:\/\/247stiri.ro\/index.php\/wp-json\/wp\/v2\/posts\/37470","targetHints":{"allow":["GET"]}}],"collection":[{"href":"https:\/\/247stiri.ro\/index.php\/wp-json\/wp\/v2\/posts"}],"about":[{"href":"https:\/\/247stiri.ro\/index.php\/wp-json\/wp\/v2\/types\/post"}],"replies":[{"embeddable":true,"href":"https:\/\/247stiri.ro\/index.php\/wp-json\/wp\/v2\/comments?post=37470"}],"version-history":[{"count":0,"href":"https:\/\/247stiri.ro\/index.php\/wp-json\/wp\/v2\/posts\/37470\/revisions"}],"wp:featuredmedia":[{"embeddable":true,"href":"https:\/\/247stiri.ro\/index.php\/wp-json\/wp\/v2\/media\/37457"}],"wp:attachment":[{"href":"https:\/\/247stiri.ro\/index.php\/wp-json\/wp\/v2\/media?parent=37470"}],"wp:term":[{"taxonomy":"category","embeddable":true,"href":"https:\/\/247stiri.ro\/index.php\/wp-json\/wp\/v2\/categories?post=37470"},{"taxonomy":"post_tag","embeddable":true,"href":"https:\/\/247stiri.ro\/index.php\/wp-json\/wp\/v2\/tags?post=37470"}],"curies":[{"name":"wp","href":"https:\/\/api.w.org\/{rel}","templated":true}]}}