{"id":37494,"date":"2025-03-07T07:45:09","date_gmt":"2025-03-07T07:45:09","guid":{"rendered":"https:\/\/247stiri.ro\/index.php\/2025\/03\/07\/nicusor-dan-vrea-sa-fure-startul-si-isi-depune-candidatura-cu-cateva-ore-inaintea-lui-calin-georgescu\/"},"modified":"2025-03-07T07:45:09","modified_gmt":"2025-03-07T07:45:09","slug":"nicusor-dan-vrea-sa-fure-startul-si-isi-depune-candidatura-cu-cateva-ore-inaintea-lui-calin-georgescu","status":"publish","type":"post","link":"https:\/\/247stiri.ro\/index.php\/2025\/03\/07\/nicusor-dan-vrea-sa-fure-startul-si-isi-depune-candidatura-cu-cateva-ore-inaintea-lui-calin-georgescu\/","title":{"rendered":"Nicu\u0219or Dan vrea s\u0103 fure startul \u0219i \u00ee\u0219i depune candidatura cu c\u00e2teva ore \u00eenaintea lui C\u0103lin Georgescu"},"content":{"rendered":"<p>&#8222;Nicu\u0219or Dan, candidat independent la alegerile preziden\u021biale, depune ast\u0103zi, la ora 12:00, dosarul de candidatur\u0103 \u0219i lista de semn\u0103turi la sediul Biroului Electoral Central&#8221;, a fost mesajul transmis de echipa actualului primar al Capitalei.<\/p>\n<p>Miercuri, Dan \u0219i-a confirmat \u00eenscrierea \u00een curs\u0103 printr-un mesaj scurt &#8211; \u201eCandizez\u201d, transmis pe Facebook.<\/p>\n<p>Primarul general are sus\u021binerea PMP \u0219i For\u021ba Dreptei, forma\u021biuni care l-au mai sprijinit anterior \u00een fosta Alian\u021b\u0103 Dreapta Unit\u0103 (ADU).<\/p>","protected":false},"excerpt":{"rendered":"<p>&#8222;Nicu\u0219or Dan, candidat independent la alegerile preziden\u021biale, depune ast\u0103zi, la ora 12:00, dosarul de candidatur\u0103&hellip;<\/p>\n","protected":false},"author":0,"featured_media":37489,"comment_status":"open","ping_status":"open","sticky":false,"template":"","format":"standard","meta":{"footnotes":""},"categories":[2],"tags":[],"class_list":["post-37494","post","type-post","status-publish","format-standard","has-post-thumbnail","hentry","category-actual"],"_links":{"self":[{"href":"https:\/\/247stiri.ro\/index.php\/wp-json\/wp\/v2\/posts\/37494","targetHints":{"allow":["GET"]}}],"collection":[{"href":"https:\/\/247stiri.ro\/index.php\/wp-json\/wp\/v2\/posts"}],"about":[{"href":"https:\/\/247stiri.ro\/index.php\/wp-json\/wp\/v2\/types\/post"}],"replies":[{"embeddable":true,"href":"https:\/\/247stiri.ro\/index.php\/wp-json\/wp\/v2\/comments?post=37494"}],"version-history":[{"count":0,"href":"https:\/\/247stiri.ro\/index.php\/wp-json\/wp\/v2\/posts\/37494\/revisions"}],"wp:featuredmedia":[{"embeddable":true,"href":"https:\/\/247stiri.ro\/index.php\/wp-json\/wp\/v2\/media\/37489"}],"wp:attachment":[{"href":"https:\/\/247stiri.ro\/index.php\/wp-json\/wp\/v2\/media?parent=37494"}],"wp:term":[{"taxonomy":"category","embeddable":true,"href":"https:\/\/247stiri.ro\/index.php\/wp-json\/wp\/v2\/categories?post=37494"},{"taxonomy":"post_tag","embeddable":true,"href":"https:\/\/247stiri.ro\/index.php\/wp-json\/wp\/v2\/tags?post=37494"}],"curies":[{"name":"wp","href":"https:\/\/api.w.org\/{rel}","templated":true}]}}