{"id":37495,"date":"2025-03-07T07:45:10","date_gmt":"2025-03-07T07:45:10","guid":{"rendered":"https:\/\/247stiri.ro\/index.php\/2025\/03\/07\/spania-maturata-de-ploi-torentiale-la-numai-patru-luni-dupa-inundatiile-devastatoare-din-valencia\/"},"modified":"2025-03-07T07:45:10","modified_gmt":"2025-03-07T07:45:10","slug":"spania-maturata-de-ploi-torentiale-la-numai-patru-luni-dupa-inundatiile-devastatoare-din-valencia","status":"publish","type":"post","link":"https:\/\/247stiri.ro\/index.php\/2025\/03\/07\/spania-maturata-de-ploi-torentiale-la-numai-patru-luni-dupa-inundatiile-devastatoare-din-valencia\/","title":{"rendered":"Spania, m\u0103turat\u0103 de ploi toren\u021biale, la numai patru luni dup\u0103 inunda\u021biile devastatoare din Valencia"},"content":{"rendered":"<p>Agen\u021bia meteorologic\u0103 na\u021bional\u0103 AEMET a emis alerte portocalii pentru zone din regiunile Murcia, Valencia \u0219i Calatonia, de pe coasta mediteraneean\u0103, iar oficialii spanioli le-au transmis oamenilor s\u0103 r\u0103m\u00e2n\u0103 \u00een locuin\u021be.Spaniolii sunt \u00een continuare afecta\u021bi dup\u0103 ce ploile toren\u021biale de anul trecut au luat autorit\u0103\u021bile prin surprindere \u0219i au cauzat dezastrul natural cu cel mai mare num\u0103r de mor\u021bi din ultimele decenii \u00een aceast\u0103 \u021bar\u0103, mul\u021bi spanioli \u00eenvinov\u0103\u021bind autorit\u0103\u021bile locale \u0219i na\u021bionale pentru c\u0103 au avertizat prea t\u00e2rziu popula\u021bia.<\/p>\n<p>\u00cen imaginile transmise de un post local de televiziune apare un autovehicul luat de apele r\u00e2ului Lorca, din Murcia. O femeie care se afla \u00een ma\u0219in\u0103 a fost salvat\u0103 de pompierii locali, a precizat postul de televiziune La 7. Un alt b\u0103rbat a fost scos din gr\u0103dina lui de legume cu ajutorul unui tractor, a relatat postul de televiziune La Sexta, citat de Agerpres.<\/p>\n<p><a title=\"Furtunile violente fac PRAPAD! Masini luate de puhoaie in Italia\" href=\"https:\/\/www.realitatea.net\/stiri\/mediu\/furtunile-violente-fac-prapad-masini-luate-de-puhoaie-in-italia_67a1f76a36cc3638c35a66f2\">Furtunile violente fac PR\u0102P\u0102D! Ma\u0219ini luate de puhoaie \u00een Italia<\/a>Fernando Lopez Miras, pre\u0219edinte al regiunii Muricia, \u00een sud-estul Spaniei, a declarat c\u0103 joi nu s-au \u00eenregistrat victime, de\u0219i o persoan\u0103 \u0219i-a pierdut via\u021ba la \u00eenceputul s\u0103pt\u0103m\u00e2nii, dup\u0103 ce a fost luat\u0103 de ape \u00eentr-o raven\u0103 inundat\u0103.<\/p>\n<p>&#8222;Nu a existat niciun indiciu c\u0103 va ploua a\u0219a cum plou\u0103&#8221;, a spus Lopez Miras la postul La Sexta. &#8222;\u00cen fiecare zi ravenele acumuleaz\u0103 o cantitate mai mare de ap\u0103 \u0219i cre\u0219te num\u0103rul str\u0103zilor inundate. Apa nu se opre\u0219te, iar alertele AEMET nu au prognozat c\u0103 situa\u021bia se va prelungi at\u00e2t de mult&#8221;, a ad\u0103ugat el.AEMET a precizat c\u0103 \u00een anumite zone s-au \u00eenregistrat cantit\u0103\u021bi de 120 mm de precipita\u021bii \u00eentr-un interval de 12 ore, iar unele sta\u021bii meteo au \u00eenregistrat mai mult\u0103 ploaie \u00een martie dec\u00e2t cantitatea a\u0219teptat\u0103 \u00een mod normal pe parcursul tuturor lunilor de prim\u0103var\u0103.Meteorologii au mai precizat c\u0103 un nou front atmosferic din vest va aduce \u00een continuare ploi \u00een \u00eentreaga \u021bar\u0103 p\u00e2n\u0103 \u00een weekend.<\/p>\n<p><a title=\"Alerta de calatorie de la MAE. Risc de inundatii in mai multe regiuni ale Italiei\" href=\"https:\/\/www.realitatea.net\/stiri\/actual\/alerta-de-calatorie-de-la-mae-risc-de-inundatii-in-mai-multe-regiuni-ale-italiei_67be3553a99ebf3187150a27\">Alert\u0103 de c\u0103l\u0103torie de la MAE. Risc de inunda\u021bii \u00een mai multe regiuni ale Italiei<\/a><\/p>","protected":false},"excerpt":{"rendered":"<p>Agen\u021bia meteorologic\u0103 na\u021bional\u0103 AEMET a emis alerte portocalii pentru zone din regiunile Murcia, Valencia \u0219i&hellip;<\/p>\n","protected":false},"author":0,"featured_media":37485,"comment_status":"open","ping_status":"open","sticky":false,"template":"","format":"standard","meta":{"footnotes":""},"categories":[2],"tags":[],"class_list":["post-37495","post","type-post","status-publish","format-standard","has-post-thumbnail","hentry","category-actual"],"_links":{"self":[{"href":"https:\/\/247stiri.ro\/index.php\/wp-json\/wp\/v2\/posts\/37495","targetHints":{"allow":["GET"]}}],"collection":[{"href":"https:\/\/247stiri.ro\/index.php\/wp-json\/wp\/v2\/posts"}],"about":[{"href":"https:\/\/247stiri.ro\/index.php\/wp-json\/wp\/v2\/types\/post"}],"replies":[{"embeddable":true,"href":"https:\/\/247stiri.ro\/index.php\/wp-json\/wp\/v2\/comments?post=37495"}],"version-history":[{"count":0,"href":"https:\/\/247stiri.ro\/index.php\/wp-json\/wp\/v2\/posts\/37495\/revisions"}],"wp:featuredmedia":[{"embeddable":true,"href":"https:\/\/247stiri.ro\/index.php\/wp-json\/wp\/v2\/media\/37485"}],"wp:attachment":[{"href":"https:\/\/247stiri.ro\/index.php\/wp-json\/wp\/v2\/media?parent=37495"}],"wp:term":[{"taxonomy":"category","embeddable":true,"href":"https:\/\/247stiri.ro\/index.php\/wp-json\/wp\/v2\/categories?post=37495"},{"taxonomy":"post_tag","embeddable":true,"href":"https:\/\/247stiri.ro\/index.php\/wp-json\/wp\/v2\/tags?post=37495"}],"curies":[{"name":"wp","href":"https:\/\/api.w.org\/{rel}","templated":true}]}}