{"id":37510,"date":"2025-03-07T08:44:48","date_gmt":"2025-03-07T08:44:48","guid":{"rendered":"https:\/\/247stiri.ro\/index.php\/2025\/03\/07\/germania-vrea-sa-reintroduca-serviciul-militar-obligatoriu-nu-ne-putem-descurca-cu-efectivele-actuale\/"},"modified":"2025-03-07T08:44:48","modified_gmt":"2025-03-07T08:44:48","slug":"germania-vrea-sa-reintroduca-serviciul-militar-obligatoriu-nu-ne-putem-descurca-cu-efectivele-actuale","status":"publish","type":"post","link":"https:\/\/247stiri.ro\/index.php\/2025\/03\/07\/germania-vrea-sa-reintroduca-serviciul-militar-obligatoriu-nu-ne-putem-descurca-cu-efectivele-actuale\/","title":{"rendered":"Germania vrea s\u0103 reintroduc\u0103 serviciul militar obligatoriu. \u201eNu ne putem descurca cu efectivele actuale\u201d"},"content":{"rendered":"<p>Declara\u021bia a fost f\u0103cut\u0103 recent de Friedrich Merz, liderul alian\u021bei de centru-dreapta CDU\/CSU, care a ob\u021binut victoria \u00een alegerile parlamentare din Germania luna trecut\u0103. Merz a subliniat c\u0103, \u00een actualul climat geopolitic marcat de retorica imprevizibil\u0103 a fostului pre\u0219edinte american Donald Trump, Europa trebuie s\u0103-\u0219i \u00eent\u0103reasc\u0103 capacit\u0103\u021bile de ap\u0103rare, f\u0103r\u0103 a se baza doar pe sprijinul Statelor Unite.<\/p>\n<p>Florian Hahn, purt\u0103torul de cuv\u00e2nt al CDU\/CSU pe probleme de ap\u0103rare, a declarat pentru cotidianul Bild c\u0103 \u201esuspendarea conscrip\u021biei \u00een Germania nu mai reflect\u0103 realitatea actual\u0103 a riscurilor la adresa securit\u0103\u021bii\u201d.<\/p>\n<p>Hahn a ad\u0103ugat c\u0103 primii recru\u021bi ar trebui s\u0103 fie \u00eencorpora\u021bi \u00eencep\u00e2nd cu anul 2025. \u201eNu putem r\u0103m\u00e2ne spectatori \u00een timp ce lumea din jurul nostru devine tot mai nesigur\u0103\u201d, a avertizat el.\u00a0<\/p>\n<p>Tensiunile legate de viitorul NATO s-au intensificat \u00een Europa, \u00een contextul declara\u021biilor repetate ale lui Donald Trump, care \u0219i-a ar\u0103tat sprijinul fa\u021b\u0103 de Rusia, implicat\u0103 \u00eentr-un conflict deschis cu Ucraina. Aceste afirma\u021bii contravin consensului occidental construit \u00een ultimii ani \u0219i amplific\u0103 \u00eengrijor\u0103rile privind posibila sl\u0103bire a alian\u021bei transatlantice. Friedrich Merz a subliniat, de asemenea, c\u0103 dore\u0219te s\u0103 se distan\u021beze de mai multe politici adoptate de fostul cancelar Angela Merkel, inclusiv de decizia din 2011 de a suspenda serviciul militar obligatoriu. Liderul conservator a sus\u021binut necesitatea introducerii unui an de serviciu militar obligatoriu, \u00een care tinerii germani s\u0103 aib\u0103 op\u021biunea de a alege \u00eentre serviciul militar \u0219i activit\u0103\u021bi \u00een sprijinul comunit\u0103\u021bii.<\/p>\n<p><a title=\"Viitorul cancelar german a spus ca vrea sa se pregateasca pentru \" href=\"https:\/\/www.realitatea.net\/stiri\/actual\/viitorul-cancelar-german-a-spus-ca-vreasa-se-pregateasca-pentru-cel-mai-rau-scenariu-in-relatiile-transatlantice-in-domeniului-apararii_67bc8b2d66fbb213bc119544\">Viitorul cancelar german a spus c\u0103 vrea s\u0103 se preg\u0103teasc\u0103 pentru &#8222;cel mai r\u0103u scenariu&#8221; \u00een rela\u021biile transatlantice \u00een domeniul ap\u0103r\u0103rii<\/a><\/p>\n<p>&#8222;E nevoie de mai mul\u021bi militari activi&#8221;. \u201eAvem nevoie de un num\u0103r semnificativ mai mare de militari activi\u201d, a spus Merz. \u201eNu pot avansa o cifr\u0103 exact\u0103 acum, dar este clar c\u0103 nu ne putem descurca cu efectivele actuale. De asemenea, este esen\u021bial s\u0103 avem o rezerv\u0103 mult mai solid\u0103\u201d, a ad\u0103ugat el.\u00a0<\/p>\n<p>De\u0219i reinstaurarea serviciului militar obligatoriu a fost un subiect delicat \u00een Germania, sprijinul public pentru o form\u0103 de recrutare obligatorie a crescut recent, dep\u0103\u0219ind grani\u021bele ideologice ale partidelor. Ministrul Ap\u0103r\u0103rii, Boris Pistorius, din Partidul Social Democrat (SPD) condus de cancelarul demisionar Olaf Scholz, a sus\u021binut ideea consolid\u0103rii armatei, \u00eens\u0103 f\u0103r\u0103 a propune revenirea la recrutarea obligatorie. Planul avansat de Pistorius se bazeaz\u0103 pe recrutarea voluntar\u0103, dar permite guvernului s\u0103 reintroduc\u0103 conscrip\u021bia \u00een situa\u021bii de urgen\u021b\u0103.<\/p>\n<p>\u00cen noiembrie anul trecut, cabinetul Scholz a aprobat prima etap\u0103 a acestui proiect, care prevede trimiterea unui chestionar tuturor tinerilor de 18 ani pentru a evalua interesul \u0219i aptitudinile fizice pentru serviciul militar. Completarea chestionarului este obligatorie pentru b\u0103ie\u021bi \u0219i op\u021bional\u0103 pentru fete. Ulterior, un grup selectat de tineri va fi invitat la un proces de selec\u021bie, iar unii dintre ace\u0219tia vor fi \u00eenrola\u021bi pentru o perioad\u0103 ini\u021bial\u0103 de \u0219ase luni, cu posibilitatea de prelungire. De asemenea, mar\u021bi, pre\u0219edintele Asocia\u021biei For\u021belor Armate Germane, Andre Wuestner, \u0219i-a exprimat sus\u021binerea pentru un model de conscrip\u021bie similar cu cel suedez \u0219i a subliniat necesitatea \u00eembun\u0103t\u0103\u021birii salariilor \u0219i a condi\u021biilor de munc\u0103 din armat\u0103.<\/p>\n<p>Trebuie s\u0103 ac\u021bion\u0103m \u00een acest an, altfel, din 2026, ne confrunt\u0103m cu o pr\u0103bu\u0219ire a efectivelor\u201d, a avertizat Wuestner, \u00eentr-un interviu pentru Welt TV. Potrivit acestuia, for\u021bele armate germane pierd anual aproximativ 27.000 de militari care trebuie \u00eenlocui\u021bi urgent. \u00cen acest context, CDU\/CSU continu\u0103 negocierile exploratorii cu SPD pentru formarea unei coali\u021bii guvernamentale, iar Merz a fixat Pa\u0219tele ca termen-limit\u0103 pentru finalizarea discu\u021biilor.\u00a0<\/p>\n<p><a title='Friedrich Merz vrea o coalitie cu social-democratii: ,,Mai intai sa guvernam Germania, apoi sa ne implicam in extern!\"' href=\"https:\/\/www.realitatea.net\/stiri\/extern\/friedrich-merz-vrea-o-coalitie-cu-socialdemocratii-mai-intai-sa-guvernam-germania-apoi-sa-ne-implicam-in-extern_67bd7dc2eac40f11c92a3072\">Friedrich Merz vrea o coali\u021bie cu social-democra\u021bii: \u201eMai \u00eent\u00e2i s\u0103 guvern\u0103m Germania, apoi s\u0103 ne implic\u0103m \u00een extern!\u201d<\/a><\/p>","protected":false},"excerpt":{"rendered":"<p>Declara\u021bia a fost f\u0103cut\u0103 recent de Friedrich Merz, liderul alian\u021bei de centru-dreapta CDU\/CSU, care a&hellip;<\/p>\n","protected":false},"author":0,"featured_media":37511,"comment_status":"open","ping_status":"open","sticky":false,"template":"","format":"standard","meta":{"footnotes":""},"categories":[4],"tags":[],"class_list":["post-37510","post","type-post","status-publish","format-standard","has-post-thumbnail","hentry","category-extern"],"_links":{"self":[{"href":"https:\/\/247stiri.ro\/index.php\/wp-json\/wp\/v2\/posts\/37510","targetHints":{"allow":["GET"]}}],"collection":[{"href":"https:\/\/247stiri.ro\/index.php\/wp-json\/wp\/v2\/posts"}],"about":[{"href":"https:\/\/247stiri.ro\/index.php\/wp-json\/wp\/v2\/types\/post"}],"replies":[{"embeddable":true,"href":"https:\/\/247stiri.ro\/index.php\/wp-json\/wp\/v2\/comments?post=37510"}],"version-history":[{"count":0,"href":"https:\/\/247stiri.ro\/index.php\/wp-json\/wp\/v2\/posts\/37510\/revisions"}],"wp:featuredmedia":[{"embeddable":true,"href":"https:\/\/247stiri.ro\/index.php\/wp-json\/wp\/v2\/media\/37511"}],"wp:attachment":[{"href":"https:\/\/247stiri.ro\/index.php\/wp-json\/wp\/v2\/media?parent=37510"}],"wp:term":[{"taxonomy":"category","embeddable":true,"href":"https:\/\/247stiri.ro\/index.php\/wp-json\/wp\/v2\/categories?post=37510"},{"taxonomy":"post_tag","embeddable":true,"href":"https:\/\/247stiri.ro\/index.php\/wp-json\/wp\/v2\/tags?post=37510"}],"curies":[{"name":"wp","href":"https:\/\/api.w.org\/{rel}","templated":true}]}}