{"id":37520,"date":"2025-03-07T08:44:52","date_gmt":"2025-03-07T08:44:52","guid":{"rendered":"https:\/\/247stiri.ro\/index.php\/2025\/03\/07\/presa-straina-arunca-bomba-candidatura-lui-calin-georgescu-va-fi-respinsa\/"},"modified":"2025-03-07T08:44:52","modified_gmt":"2025-03-07T08:44:52","slug":"presa-straina-arunca-bomba-candidatura-lui-calin-georgescu-va-fi-respinsa","status":"publish","type":"post","link":"https:\/\/247stiri.ro\/index.php\/2025\/03\/07\/presa-straina-arunca-bomba-candidatura-lui-calin-georgescu-va-fi-respinsa\/","title":{"rendered":"Presa str\u0103in\u0103 arunc\u0103 bomba: Candidatura lui C\u0103lin Georgescu va fi respins\u0103"},"content":{"rendered":"<p>Publica\u021bia britanic\u0103 Financial Times a relatat, baz\u00e2ndu-se pe informa\u021bii oferite de dou\u0103 surse familiarizate cu situa\u021bia, c\u0103 candidatura lui C\u0103lin Georgescu va fi respins\u0103 din cauza acuza\u021biilor penale care \u00eel implic\u0103. \u00cen articolul lor, jurnali\u0219tii britanici spun c\u0103 aceast\u0103 candidatur\u0103 va fi interzis\u0103 de Curtea Constitu\u021boinal\u0103.<\/p>\n<p>Aceste informa\u021bii vin \u00een condi\u021biile \u00een care \u00een aceast\u0103 diminea\u021b\u0103 un candidat independent a fost respins deja de Bitroul Electoral Central.<\/p>\n<p>C\u0103lin Georgescu \u00ee\u0219i va depune, ast\u0103zi, candidatura la alegerile preziden\u021biale programate pentru luna mai. Chiar dac\u0103 a fost supus unui val de presiuni \u0219i i s-au deschis trei dosare penale, candidatul independent spune c\u0103 nu se va l\u0103s\u0103 intimidat \u0219i c\u0103 va merge p\u00e2n\u0103 la cap\u0103t.<\/p>\n<p>C\u0103lin Georgescu sustine, \u00eens\u0103, c\u0103 sistemul va \u00eencerca s\u0103 \u00eel blocheze, iar dac\u0103 se va reu\u0219i, Rom\u00e2nia ar putea fi izolat\u0103 pe plan extern.<\/p>\n<p>Candidatul independent a reiterat, la emisiunea Culisele Statului Paralel, c\u0103 nu vrea s\u0103 scoat\u0103 \u021bara din NATO \u0219i UE.\u00a0<\/p>\n<p><a title='Calin Georgescu, mesaj de forta pentru patrioti: ,,Fiti increzatori in idealurile noastre. Impreuna vom izbandi\"' href=\"https:\/\/www.realitatea.net\/stiri\/actual\/calin-georgescu-spulbera-acuzatiile-sorosistilor-si-arunca-bomba-despre-candidatura-la-alegerile-prezidentiale-live-text-si-video_67c9f3c789701409215b4f7a\">C\u0103lin Georgescu, mesaj de for\u021b\u0103 pentru patrio\u021bi: \u201eFi\u021bi \u00eencrez\u0103tori \u00een idealurile noastre. \u00cempreun\u0103 vom izb\u00e2ndi\u201d<\/a><\/p>\n<p>&#8222;La ora 16:00, o s\u0103-mi depun oficial candidatura pentru noile alegeri. Cu toate c\u0103 nu renun\u021b la reluarea turului 2. Am auzit c\u0103 vor s\u0103 blocheze. S\u0103 m\u0103 invalideze, cum dori\u021bi s-o lua\u021bi. A\u0219a. Sigur c\u0103 asta ar fi peste voin\u021ba poporului rom\u00e2n \u0219i categoric ar lovi n\u0103prasnic, ca s\u0103 nu zic, ar distruge valori democratice. Dar eu am acest mesaj: nu exist\u0103 din punct de real s\u0103 se \u00eent\u00e2mple a\u0219a ceva din dou\u0103 motive. O dat\u0103 este c\u0103, pe plan intern, democra\u021bia ar fi complet distrus\u0103, iar Rom\u00e2nia, pe plan extern, ar avea o imagine pe care nu o mai po\u021bi controla din punct de vedere al situa\u021biei \u0219i leg\u0103turilor \u00een aceast\u0103 lume.\u00a0<\/p>\n<p>O s\u0103 v\u0103 spun ceea ce nu am spus p\u00e2n\u0103 acum, c\u0103 aceste alegeri au fost anulate sau, \u00een sf\u00e2r\u0219it, neconstitu\u021bional, ilegal, cum vre\u021bi s\u0103 o lua\u021bi. Au fost anulate din dou\u0103 motive: unul, pentru c\u0103 eu nu f\u0103ceam parte din sistem \u0219i dac\u0103, mai ales pe fondul cre\u0219terii \u0219i situa\u021biei care a avut loc \u00een noiembrie- decembrie au realizat c\u0103 a\u0219 fi c\u00e2\u0219tigat, atunci ei nu mai aveau acces &#8211; m\u0103 refer la securi\u0219ti \u0219i la clasa politic\u0103 &#8211; la putere \u0219i la bani. Asta este \u00een dou\u0103 cuvinte ce s-a \u00eent\u00e2mplat \u0219i din ce motive se \u00eent\u00e2mpl\u0103 \u0219i ast\u0103zi. Repet. \u0218i securi\u0219tii, \u0219i clasa politic\u0103 nu mai aveau acces nici la putere, nici la bani. \u0218i aici sunt dou\u0103 subpuncte: unul &#8211; nu este nicio dovad\u0103 la ceea ce au declarat ei pentru oprire. Nici acum, nu a fost nici atunci. Deci nu este nicio prob\u0103 \u0219i a doua este c\u0103 \u00eentotdeauna am luptat pentru turul 2. Permanent. Chiar \u0219i dup\u0103 decizia CEDO. P\u0103i era firesc.<\/p>\n<p>Este \u00een Europa, este Bruxelles. Vedem ce face \u0219i Fran\u021ba. Nu este ceva nou sub soare. Dar noi vom continua. De aceea spun: curaj \u0219i siguran\u021b\u0103 pentru c\u0103 aceasta este lec\u021bia \u0219i, \u00een momentul \u00een care \u00eenv\u0103\u021b\u0103m aceast\u0103 lec\u021bie, \u0219ti\u021bi de unde vine credin\u021ba? Credin\u021ba puternic\u0103 vine din lupta \u00eempotriva fricii. Trebuia s\u0103 ajungem aici, era necesar s\u0103 ajungem aici.<\/p>\n<p>Tot ce am vorbit noi, ba\u0219ca pe la alte emisiuni, toate au fost exact. Dup\u0103 aceea nu mai vorbesc de chestia pe care a\u021bi spus-o. Nu am de g\u00e2nd, nici nu m\u0103 intereseaz\u0103 s\u0103 scot Rom\u00e2nia din NATO \u0219i Uniunea European\u0103. Nu am niciun interes, nici nu vreau s\u0103 \u0219tiu de chestii de acest subiect.\u00a0<\/p>\n<p>M\u0103 intereseaz\u0103 s\u0103 negociez ce este mai bine pentru poporul meu. Asta este tot&#8221;, a spus C\u0103lin Georgescu, \u00een emisiunea Culisele Statului Paralel.\u00a0<a title='Calin Georgescu: \"Familia a trecut prin clipe grele cand am fost saltat din trafic\". Marturii emotionate ' href=\"https:\/\/www.realitatea.net\/stiri\/politica\/calin-georgescu-familia-a-trecut-prin-clipe-grele-cand-am-fost-saltat-din-trafic-marturii-emotionate-ale-candidatului-clasat-pe-prima-pozitie-dupa-primul-tur-al-prezidentialelor-de-anul-trecut_67ca8c636e1f53715d4574e4\">C\u0103lin Georgescu: &#8222;Familia a trecut prin clipe grele c\u00e2nd am fost s\u0103ltat din trafic&#8221;. M\u0103rturii emo\u021bionate<\/a><\/p>\n<p>Pe de alt\u0103 parte, edilul general al Capitalei, Nicu\u0219or Dan, a anun\u021bat c\u0103-\u0219i va depune azi dosarul de candidatur\u0103 la pre\u0219edin\u021bie, cu c\u00e2teva ore \u00eenaintea lui C\u0103lin Georgescu.<\/p>\n<p>&#8222;Nicu\u0219or Dan, candidat independent la alegerile preziden\u021biale, depune ast\u0103zi, la ora 12:00, dosarul de candidatur\u0103 \u0219i lista de semn\u0103turi la sediul Biroului Electoral Central&#8221;, a fost mesajul transmis de echipa actualului primar al Capitalei.<\/p>\n<p>Miercuri, Dan \u0219i-a confirmat \u00eenscrierea \u00een curs\u0103 printr-un mesaj scurt &#8211;\u00a0\u201eCandizez\u201d,\u00a0transmis pe Facebook.<\/p>\n<p>Primarul general are sus\u021binerea PMP \u0219i For\u021ba Dreptei, forma\u021biuni care l-au mai sprijinit anterior \u00een fosta Alian\u021b\u0103 Dreapta Unit\u0103 (ADU).<\/p>\n<p>\u00a0\u00a0<\/p>","protected":false},"excerpt":{"rendered":"<p>Publica\u021bia britanic\u0103 Financial Times a relatat, baz\u00e2ndu-se pe informa\u021bii oferite de dou\u0103 surse familiarizate cu&hellip;<\/p>\n","protected":false},"author":0,"featured_media":37515,"comment_status":"open","ping_status":"open","sticky":false,"template":"","format":"standard","meta":{"footnotes":""},"categories":[2],"tags":[],"class_list":["post-37520","post","type-post","status-publish","format-standard","has-post-thumbnail","hentry","category-actual"],"_links":{"self":[{"href":"https:\/\/247stiri.ro\/index.php\/wp-json\/wp\/v2\/posts\/37520","targetHints":{"allow":["GET"]}}],"collection":[{"href":"https:\/\/247stiri.ro\/index.php\/wp-json\/wp\/v2\/posts"}],"about":[{"href":"https:\/\/247stiri.ro\/index.php\/wp-json\/wp\/v2\/types\/post"}],"replies":[{"embeddable":true,"href":"https:\/\/247stiri.ro\/index.php\/wp-json\/wp\/v2\/comments?post=37520"}],"version-history":[{"count":0,"href":"https:\/\/247stiri.ro\/index.php\/wp-json\/wp\/v2\/posts\/37520\/revisions"}],"wp:featuredmedia":[{"embeddable":true,"href":"https:\/\/247stiri.ro\/index.php\/wp-json\/wp\/v2\/media\/37515"}],"wp:attachment":[{"href":"https:\/\/247stiri.ro\/index.php\/wp-json\/wp\/v2\/media?parent=37520"}],"wp:term":[{"taxonomy":"category","embeddable":true,"href":"https:\/\/247stiri.ro\/index.php\/wp-json\/wp\/v2\/categories?post=37520"},{"taxonomy":"post_tag","embeddable":true,"href":"https:\/\/247stiri.ro\/index.php\/wp-json\/wp\/v2\/tags?post=37520"}],"curies":[{"name":"wp","href":"https:\/\/api.w.org\/{rel}","templated":true}]}}