{"id":37534,"date":"2025-03-07T09:46:16","date_gmt":"2025-03-07T09:46:16","guid":{"rendered":"https:\/\/247stiri.ro\/index.php\/2025\/03\/07\/circulatia-feroviara-oprita-la-gara-de-nord-din-paris-dupa-descoperirea-unei-bombe-neexplodate-din-al-doilea-razboi-mondial\/"},"modified":"2025-03-07T09:46:16","modified_gmt":"2025-03-07T09:46:16","slug":"circulatia-feroviara-oprita-la-gara-de-nord-din-paris-dupa-descoperirea-unei-bombe-neexplodate-din-al-doilea-razboi-mondial","status":"publish","type":"post","link":"https:\/\/247stiri.ro\/index.php\/2025\/03\/07\/circulatia-feroviara-oprita-la-gara-de-nord-din-paris-dupa-descoperirea-unei-bombe-neexplodate-din-al-doilea-razboi-mondial\/","title":{"rendered":"Circula\u021bia feroviar\u0103, OPRIT\u0102 la Gara de Nord din Paris, dup\u0103 descoperirea unei BOMBE neexplodate, din Al Doilea R\u0103zboi Mondial"},"content":{"rendered":"<p>Dispozitivul a fost descoperit \u00een noaptea de joi spre vineri de o echip\u0103 de muncitori. Bomba era \u00eengropat\u0103 \u00een apropierea G\u0103rii de Nord din Paris, la aproximativ 2,5 kilometri distan\u0163\u0103 de peroane. Autorit\u0103\u0163ile au decis imediat s\u0103 \u00eentrerup\u0103 circula\u0163ia feroviar\u0103, ca m\u0103sur\u0103 de siguran\u0163\u0103.<\/p>\n<p>\u00centreruperea traficului feroviar a fost decis\u0103 \u201dla cererea Prefecturii Poli\u0163iei Parisului, dup\u0103 descoperirea bombei \u201dneexplodate\u201d, anun\u0163\u0103 \u00eentr-un comunicat societatea feroviar\u0103.<\/p>\n<p>Ulterior, linia RER B anun\u0163a pe re\u021beaua X c\u0103 este vorba despre un \u201dobuz care dateaz\u0103 din al Doilea R\u0103boi Mondial\u201d.<\/p>\n<p>De aceast\u0103 m\u0103sur\u0103 sunt afecate anumite linii mari \u0219i niciun tren TGV, Eurostar sau TER nu cicula. Mai existau c\u00e2teva trenuri care continuau s\u0103 func\u0163ioneze, dar se preconizau \u00eent\u00e2rzieri importante.<\/p>\n<p>&#8222;Geni\u015fti analizeaz\u0103 situa\u0163ia pentru a securiza zona \u015fi a evacua elemente\u201d, anun\u0163a vineri diminea\u0163a, pe X, RATP.<\/p>\n<p>Reluarea traficului feroviar era estimat\u0103 c\u0103tre ora local\u0103 10.00 (11.00, ora Rom\u00e2niei).<\/p>\n<p>Ministrul Transporturilor Philippe Tabarot le-a cerut pasagerilor, la postul Sud Radio, s\u0103-\u015fi am\u00e2ne c\u0103l\u0103toriile \u015fi a subliniat caracterul excep\u0163ional al situa\u0163iei.<\/p>\n<p>\u201dSe mai \u00eent\u00e2mpl\u0103 s\u0103 fie deminate bagaje, dar rar bombe din al Doilea R\u0103zboi Mondial\u201d, a declarat oficialul.\u00a0<\/p>","protected":false},"excerpt":{"rendered":"<p>Dispozitivul a fost descoperit \u00een noaptea de joi spre vineri de o echip\u0103 de muncitori.&hellip;<\/p>\n","protected":false},"author":0,"featured_media":37535,"comment_status":"open","ping_status":"open","sticky":false,"template":"","format":"standard","meta":{"footnotes":""},"categories":[4],"tags":[],"class_list":["post-37534","post","type-post","status-publish","format-standard","has-post-thumbnail","hentry","category-extern"],"_links":{"self":[{"href":"https:\/\/247stiri.ro\/index.php\/wp-json\/wp\/v2\/posts\/37534","targetHints":{"allow":["GET"]}}],"collection":[{"href":"https:\/\/247stiri.ro\/index.php\/wp-json\/wp\/v2\/posts"}],"about":[{"href":"https:\/\/247stiri.ro\/index.php\/wp-json\/wp\/v2\/types\/post"}],"replies":[{"embeddable":true,"href":"https:\/\/247stiri.ro\/index.php\/wp-json\/wp\/v2\/comments?post=37534"}],"version-history":[{"count":0,"href":"https:\/\/247stiri.ro\/index.php\/wp-json\/wp\/v2\/posts\/37534\/revisions"}],"wp:featuredmedia":[{"embeddable":true,"href":"https:\/\/247stiri.ro\/index.php\/wp-json\/wp\/v2\/media\/37535"}],"wp:attachment":[{"href":"https:\/\/247stiri.ro\/index.php\/wp-json\/wp\/v2\/media?parent=37534"}],"wp:term":[{"taxonomy":"category","embeddable":true,"href":"https:\/\/247stiri.ro\/index.php\/wp-json\/wp\/v2\/categories?post=37534"},{"taxonomy":"post_tag","embeddable":true,"href":"https:\/\/247stiri.ro\/index.php\/wp-json\/wp\/v2\/tags?post=37534"}],"curies":[{"name":"wp","href":"https:\/\/api.w.org\/{rel}","templated":true}]}}