{"id":37543,"date":"2025-03-07T09:46:20","date_gmt":"2025-03-07T09:46:20","guid":{"rendered":"https:\/\/247stiri.ro\/index.php\/2025\/03\/07\/medic-de-la-spitalului-municipal-din-cluj-acuzat-de-comportament-agresiv-la-adresa-unei-paciente-tipa-continuu-bruscandu-ma\/"},"modified":"2025-03-07T09:46:20","modified_gmt":"2025-03-07T09:46:20","slug":"medic-de-la-spitalului-municipal-din-cluj-acuzat-de-comportament-agresiv-la-adresa-unei-paciente-tipa-continuu-bruscandu-ma","status":"publish","type":"post","link":"https:\/\/247stiri.ro\/index.php\/2025\/03\/07\/medic-de-la-spitalului-municipal-din-cluj-acuzat-de-comportament-agresiv-la-adresa-unei-paciente-tipa-continuu-bruscandu-ma\/","title":{"rendered":"Medic de la Spitalului Municipal din Cluj, acuzat de COMPORTAMENT AGRESIV la adresa unei paciente: \u021aipa continuu, brusc\u00e2ndu-m\u0103"},"content":{"rendered":"<p>Incidentul\u00a0a avut loc pe 3 martie, c\u00e2nd pacienta a fost transportat\u0103 cu ambulan\u021ba la spital, \u00een urma unor dureri insuportabile \u00een zona lombar\u0103, din cauza c\u0103rora nu putea s\u0103 se deplaseze.\u00a0<\/p>\n<p>T\u00e2n\u0103ra, care este student\u0103 \u00een Cluj, a m\u0103rturisit c\u0103 medicul a jignit-o \u0219i a ridicat tonul la ea \u00een repetate r\u00e2nduri, iar din acest motiv a decis s\u0103 filmeze interac\u021biunea cu aceasta. &#8211; pentru a face o reclama\u021bie ulterior, nefiind mul\u021bumit\u0103 de comportamentul acesteia.\u00a0<\/p>\n<p>C\u00e2nd a inten\u021bia sa a fost \u00eens\u0103 observat\u0103, medicul i-ar fi smuls telefonul din m\u00e2n\u0103 \u0219i ar fi bruscat-o.<\/p>\n<p>\u201eA\u0219 dori s\u0103 povestesc ce s-a \u00eent\u00e2mplat ieri, 03.03.2025 la spitalul Clujana (Spitalul Clinic municipa la Urgen\u021be, \u00een Cluj-Napoca. Din p\u0103cate nu am apucat s\u0103 filmez tot, doar dup\u0103 c\u00e2teva minute dup\u0103 ce au \u00eenceput primele jigniri. \u00a0Am fost transportat\u0103 cu ambulan\u021ba \u00een jurul orei 10, deoarece nu m\u0103 mai puteam mi\u0219ca din cauza durerii.<\/p>\n<p>Am fost dus\u0103 la Spitalul Clujana pentru internare, un RMN \u0219i un control detaliat. Acolo, medicul a \u00eenceput s\u0103 \u021bipe la mine, \u00eentreb\u00e2nd de ce nu am venit cu taxiul. C\u00e2nd a observat c\u0103 \u00eencerc s\u0103 filmez, mi-a smuls telefonul din m\u00e2n\u0103, m-a bruscat, m-a \u00eempins pe pat \u0219i m-a tras de m\u00e2ini, \u00een ciuda faptului c\u0103 repetam c\u0103 am dureri insuportabile.<\/p>\n<p>A fost agresiv verbal, m-a jignit \u0219i ini\u021bial a refuzat s\u0103 m\u0103 consulte, consider\u00e2nd c\u0103 situa\u021bia nu este grav\u0103. C\u00e2nd, \u00een cele din urm\u0103, a acceptat s\u0103 m\u0103 consulte, a f\u0103cut-o superficial.<\/p>\n<p>\u00cen timpul ecografiei, nu s-a uitat deloc la ecran, ci doar la mine, \u021bip\u00e2nd continuu, bruscandu m\u0103 \u00eencontinuu \u0219i tr\u0103g\u00e2nd puternic hainele de pe mine, p\u00e2n\u0103 \u0219i bra\u021bele, eu av\u00e2nd 4 interven\u021bii chirurgicale realizate \u00een urm\u0103 cu 2 luni, iar m\u00e2inile mele nu pot fi ridicate mai sus de s\u00e2ni, deoarece una dintre opera\u021bii a fost la nivelul s\u00e2nilor.<\/p>\n<p>Medicul mi-a bruscat m\u00e2na \u0219i m-a tras de m\u00e2n\u0103 \u00eentr-un mod extrem de agresiv, iar acum am dureri \u0219i la nivelul opera\u021biei deoarece m\u00e2inile mele sunt blocate o perioad\u0103 \u0219i e exclus s\u0103 le ridic \u00een sus, mai ales at\u00e2t de brutal\u201d, a povestit t\u00e2n\u0103r\u0103 pentru <a href=\"https:\/\/www.stiridecluj.ro\/social\/exclusiv-scandal-la-spitalul-clujana-pacienta-cu-dureri-severe-certata-de-un-medic-ca-a-chemat-ambulanta-nu-pare-ca-suferi-foarte-mult-video\" target=\"_blank\">\u0218tiri de Cluj<\/a>.\u00a0<\/p>\n<p>Fata recunoa\u0219te c\u0103 medicul \u0219i-a schimbat atitudinea dup\u0103 ce a consultat-o \u0219i i-a pus diagnosticul de pielonefrita &#8211; o infec\u021bie sever\u0103 a tractului urinar superior, tonul s\u0103u devenind unul binevoitor, mai scrie publica\u021bia citat\u0103.\u00a0<\/p>\n<p>Conducerea Spitalului Clinic Municipal Cluj-Napoca (Clujana) nu a oferit \u00eenc\u0103 un punct de vedre pe marginea acestui subiect.<\/p>","protected":false},"excerpt":{"rendered":"<p>Incidentul\u00a0a avut loc pe 3 martie, c\u00e2nd pacienta a fost transportat\u0103 cu ambulan\u021ba la spital,&hellip;<\/p>\n","protected":false},"author":0,"featured_media":37544,"comment_status":"open","ping_status":"open","sticky":false,"template":"","format":"standard","meta":{"footnotes":""},"categories":[2],"tags":[],"class_list":["post-37543","post","type-post","status-publish","format-standard","has-post-thumbnail","hentry","category-actual"],"_links":{"self":[{"href":"https:\/\/247stiri.ro\/index.php\/wp-json\/wp\/v2\/posts\/37543","targetHints":{"allow":["GET"]}}],"collection":[{"href":"https:\/\/247stiri.ro\/index.php\/wp-json\/wp\/v2\/posts"}],"about":[{"href":"https:\/\/247stiri.ro\/index.php\/wp-json\/wp\/v2\/types\/post"}],"replies":[{"embeddable":true,"href":"https:\/\/247stiri.ro\/index.php\/wp-json\/wp\/v2\/comments?post=37543"}],"version-history":[{"count":0,"href":"https:\/\/247stiri.ro\/index.php\/wp-json\/wp\/v2\/posts\/37543\/revisions"}],"wp:featuredmedia":[{"embeddable":true,"href":"https:\/\/247stiri.ro\/index.php\/wp-json\/wp\/v2\/media\/37544"}],"wp:attachment":[{"href":"https:\/\/247stiri.ro\/index.php\/wp-json\/wp\/v2\/media?parent=37543"}],"wp:term":[{"taxonomy":"category","embeddable":true,"href":"https:\/\/247stiri.ro\/index.php\/wp-json\/wp\/v2\/categories?post=37543"},{"taxonomy":"post_tag","embeddable":true,"href":"https:\/\/247stiri.ro\/index.php\/wp-json\/wp\/v2\/tags?post=37543"}],"curies":[{"name":"wp","href":"https:\/\/api.w.org\/{rel}","templated":true}]}}