{"id":37547,"date":"2025-03-07T09:46:21","date_gmt":"2025-03-07T09:46:21","guid":{"rendered":"https:\/\/247stiri.ro\/index.php\/2025\/03\/07\/veteranul-de-razboi-de-101-ani-a-incetat-din-viata-va-fi-inmormantat-cu-onoruri-militare\/"},"modified":"2025-03-07T09:46:21","modified_gmt":"2025-03-07T09:46:21","slug":"veteranul-de-razboi-de-101-ani-a-incetat-din-viata-va-fi-inmormantat-cu-onoruri-militare","status":"publish","type":"post","link":"https:\/\/247stiri.ro\/index.php\/2025\/03\/07\/veteranul-de-razboi-de-101-ani-a-incetat-din-viata-va-fi-inmormantat-cu-onoruri-militare\/","title":{"rendered":"Veteranul de r\u0103zboi de 101 ani a \u00eencetat din via\u021b\u0103. Va fi \u00eenmorm\u00e2ntat cu onoruri militare"},"content":{"rendered":"<p>Veteranul de r\u0103zboi maior (rtr) Simion B\u00e2rdea a participat la lupta \u00eempotriva armatei maghiare, de la Mirasl\u0103u, al\u0103turi de camarazii s\u0103i din Batalionul 8 V\u00e2n\u0103tori de Munte. A fost \u0219i r\u0103nit, \u00eempu\u0219cat fiind la picior \u0219i tratat \u00een spitalul din Baia de Arie\u0219, scrie <a href=\"https:\/\/alba24.ro\/ultimul-veteran-de-razboi-din-muntii-apuseni-simion-bardea-a-incetat-din-viata-la-varsta-de-101-ani-1071485.html\" target=\"_blank\">Alba24.<\/a><\/p>\n<p>Finalul r\u0103zboiului \u00eel g\u0103se\u0219te \u00een Debrecen, \u00een Ungaria, de unde s-a \u00eentors pe jos al\u0103turi de camarazii s\u0103i supravie\u021buitori.\u00a0<\/p>\n<p>Va fi \u00eenmorm\u00e2ntat cu onoruri militare, de un pluton cu gard\u0103 de onoare al Batalionului 136 Geniu Apulum, la Po\u0219aga, s\u00e2mb\u0103t\u0103, 8 martie.<\/p>\n\n<p>\u00a0<\/p>","protected":false},"excerpt":{"rendered":"<p>Veteranul de r\u0103zboi maior (rtr) Simion B\u00e2rdea a participat la lupta \u00eempotriva armatei maghiare, de&hellip;<\/p>\n","protected":false},"author":0,"featured_media":37548,"comment_status":"open","ping_status":"open","sticky":false,"template":"","format":"standard","meta":{"footnotes":""},"categories":[2],"tags":[],"class_list":["post-37547","post","type-post","status-publish","format-standard","has-post-thumbnail","hentry","category-actual"],"_links":{"self":[{"href":"https:\/\/247stiri.ro\/index.php\/wp-json\/wp\/v2\/posts\/37547","targetHints":{"allow":["GET"]}}],"collection":[{"href":"https:\/\/247stiri.ro\/index.php\/wp-json\/wp\/v2\/posts"}],"about":[{"href":"https:\/\/247stiri.ro\/index.php\/wp-json\/wp\/v2\/types\/post"}],"replies":[{"embeddable":true,"href":"https:\/\/247stiri.ro\/index.php\/wp-json\/wp\/v2\/comments?post=37547"}],"version-history":[{"count":0,"href":"https:\/\/247stiri.ro\/index.php\/wp-json\/wp\/v2\/posts\/37547\/revisions"}],"wp:featuredmedia":[{"embeddable":true,"href":"https:\/\/247stiri.ro\/index.php\/wp-json\/wp\/v2\/media\/37548"}],"wp:attachment":[{"href":"https:\/\/247stiri.ro\/index.php\/wp-json\/wp\/v2\/media?parent=37547"}],"wp:term":[{"taxonomy":"category","embeddable":true,"href":"https:\/\/247stiri.ro\/index.php\/wp-json\/wp\/v2\/categories?post=37547"},{"taxonomy":"post_tag","embeddable":true,"href":"https:\/\/247stiri.ro\/index.php\/wp-json\/wp\/v2\/tags?post=37547"}],"curies":[{"name":"wp","href":"https:\/\/api.w.org\/{rel}","templated":true}]}}