{"id":37549,"date":"2025-03-07T09:46:22","date_gmt":"2025-03-07T09:46:22","guid":{"rendered":"https:\/\/247stiri.ro\/index.php\/2025\/03\/07\/proiect-de-lege-pentru-instituirea-zilei-nationale-a-familiei-depus-in-parlament-pe-ce-data-ar-vrea-alesii-sa-sarbatorim-celula-de-baza-a-societatii\/"},"modified":"2025-03-07T09:46:22","modified_gmt":"2025-03-07T09:46:22","slug":"proiect-de-lege-pentru-instituirea-zilei-nationale-a-familiei-depus-in-parlament-pe-ce-data-ar-vrea-alesii-sa-sarbatorim-celula-de-baza-a-societatii","status":"publish","type":"post","link":"https:\/\/247stiri.ro\/index.php\/2025\/03\/07\/proiect-de-lege-pentru-instituirea-zilei-nationale-a-familiei-depus-in-parlament-pe-ce-data-ar-vrea-alesii-sa-sarbatorim-celula-de-baza-a-societatii\/","title":{"rendered":"Proiect de lege pentru instituirea Zilei Na\u021bionale a Familiei, depus \u00een Parlament. Pe ce dat\u0103 ar vrea ale\u0219ii s\u0103 s\u0103rb\u0103torim celula de baz\u0103 a societ\u0103\u021bii"},"content":{"rendered":"<p>Potrivit unei ini\u021biative legislative depuse la Parlament de 17 deputa\u021bi \u0219i senatori PNL, se instituie ziua de 15 mai ca Ziua Na\u021bional\u0103 a Familiei.Parlamentul, Administra\u021bia Preziden\u021bial\u0103, Guvernul, autorit\u0103\u021bile administra\u021biei publice locale, precum \u0219i institu\u021biile publice aflate \u00een subordinea sau coordonarea acestora, vor putea organiza sau sprijini logistic \u0219i material manifest\u0103rile dedicate acestei zile, mai prevede proiectul de act normativ.De asemenea, autorit\u0103\u021bile administra\u021biei publice centrale \u0219i locale, precum \u0219i institu\u021biile aflate \u00een subordinea sau coordonarea acestora, vor putea aloca fonduri din bugetele proprii \u00een vederea organiz\u0103rii \u0219i derul\u0103rii \u00een bune condi\u021bii a manifest\u0103rilor, \u00een limita aloc\u0103rilor bugetare aprobate.Conform ini\u021biatorilor proiectului, Ziua Interna\u021bional\u0103 a Familiei a fost proclamat\u0103 de Adunarea General\u0103 a ONU \u00eenc\u0103 din 20 septembrie 1993, ca eveniment cu dat\u0103 fix\u0103 pe 15 mai a fiec\u0103rui an \u0219i acest lucru &#8216;reflect\u0103 importan\u021ba pe care comunitatea interna\u021bional\u0103 o acord\u0103 familiilor&#8217;.Ei au ar\u0103tat c\u0103 mai multe state europene au instituit ziua de 15 mai ca zi na\u021bional\u0103 &#8211; cum este Republica Moldova &#8211; &#8216;tocmai pentru a eviden\u021bia importan\u021ba celulei de baz\u0103 a societ\u0103\u021bii &#8211; familia, rolul ei, necesitatea \u0219i beneficiile de integritate&#8217;.<\/p>\n<p><a title=\"Decizie radicala. In tara bancilor, statul vrea sa limiteze, prin lege, tranzactiile electronice si se trece la cash\" href=\"https:\/\/www.realitatea.net\/stiri\/actual\/decizie-radicala-in-tara-bancilor-statul-vrea-sa-limiteze-prin-lege-tranzactiile-electronice-si-se-trece-la-cash_67ca139500e83a2bac1a1142\">Decizie radical\u0103. \u00cen \u021bara b\u0103ncilor, statul vrea s\u0103 limiteze, prin lege, tranzac\u021biile electronice \u0219i se trece la cash<\/a>Potrivit acestora, proiectul propune ca \u00een data de 15 mai a fiec\u0103rui an s\u0103 fie instituit\u0103 Ziua Na\u021bional\u0103 a Familiei pentru a prilejui &#8216;con\u0219tientizarea public\u0103 a rolului familiei \u00een societatea noastr\u0103 contemporan\u0103&#8217;.&#8217;Manifest\u0103rile publice pe care le pot realiza autorit\u0103\u021bile publice pot contribui \u0219i la coagularea unor politici publice \u00een vederea consolid\u0103rii rolului familiei \u00een societatea rom\u00e2neasc\u0103, \u00een scopul cre\u0219terii natalit\u0103\u021bii \u0219i \u00eembun\u0103t\u0103\u021birii tendin\u021belor demografice&#8217;, mai men\u021bioneaz\u0103 ini\u021biatorii \u00een expunerea de motive a proiectului.De asemenea, ei au apreciat c\u0103 &#8216;familia trebuie s\u0103 r\u0103m\u00e2n\u0103 pilonul principal al societ\u0103\u021bii noastre contemporane, \u00een condi\u021biile \u00een care familia ofer\u0103 suport emo\u021bional, educa\u021bional, stabilitate \u0219i siguran\u021b\u0103 pentru to\u021bi membrii s\u0103i&#8217;.&#8217;Familia are un rol fundamental \u00een transmiterea valorilor \u0219i tradi\u021biilor de la o genera\u021bie la alta. Prin interac\u021biunea cu p\u0103rin\u021bii, bunicii \u0219i alte rude, copiii \u00eenva\u021b\u0103 despre tradi\u021biile culturale, religioase \u0219i morale ale familiei lor. Aceste valori \u0219i tradi\u021bii le ofer\u0103 o baz\u0103 solid\u0103 pentru dezvoltarea identit\u0103\u021bii \u0219i aduc un sentiment de apartenen\u021b\u0103 \u0219i continuitate \u00een via\u021ba lor&#8217;, au mai argumentat ace\u0219tia.Proiectul va intra mai \u00eent\u00e2i \u00een dezbaterea Senatului, Camera Deputa\u021bilor fiind for decizional.\u00a0<\/p>\n<p><a title=\"BEC anunta prima respingere a unei candidaturi la functia de presedinte al Romaniei\" href=\"https:\/\/www.realitatea.net\/stiri\/politica\/bec-anunta-prima-respingere-a-unei-candidaturi-la-functia-de-presedinte-al-romaniei_67ca9c6ac0e65b413232b4d2\">BEC anun\u021b\u0103 prima respingere a unei candidaturi la func\u021bia de pre\u0219edinte al Rom\u00e2niei<\/a><\/p>","protected":false},"excerpt":{"rendered":"<p>Potrivit unei ini\u021biative legislative depuse la Parlament de 17 deputa\u021bi \u0219i senatori PNL, se instituie&hellip;<\/p>\n","protected":false},"author":0,"featured_media":37550,"comment_status":"open","ping_status":"open","sticky":false,"template":"","format":"standard","meta":{"footnotes":""},"categories":[2],"tags":[],"class_list":["post-37549","post","type-post","status-publish","format-standard","has-post-thumbnail","hentry","category-actual"],"_links":{"self":[{"href":"https:\/\/247stiri.ro\/index.php\/wp-json\/wp\/v2\/posts\/37549","targetHints":{"allow":["GET"]}}],"collection":[{"href":"https:\/\/247stiri.ro\/index.php\/wp-json\/wp\/v2\/posts"}],"about":[{"href":"https:\/\/247stiri.ro\/index.php\/wp-json\/wp\/v2\/types\/post"}],"replies":[{"embeddable":true,"href":"https:\/\/247stiri.ro\/index.php\/wp-json\/wp\/v2\/comments?post=37549"}],"version-history":[{"count":0,"href":"https:\/\/247stiri.ro\/index.php\/wp-json\/wp\/v2\/posts\/37549\/revisions"}],"wp:featuredmedia":[{"embeddable":true,"href":"https:\/\/247stiri.ro\/index.php\/wp-json\/wp\/v2\/media\/37550"}],"wp:attachment":[{"href":"https:\/\/247stiri.ro\/index.php\/wp-json\/wp\/v2\/media?parent=37549"}],"wp:term":[{"taxonomy":"category","embeddable":true,"href":"https:\/\/247stiri.ro\/index.php\/wp-json\/wp\/v2\/categories?post=37549"},{"taxonomy":"post_tag","embeddable":true,"href":"https:\/\/247stiri.ro\/index.php\/wp-json\/wp\/v2\/tags?post=37549"}],"curies":[{"name":"wp","href":"https:\/\/api.w.org\/{rel}","templated":true}]}}