{"id":37574,"date":"2025-03-07T10:45:18","date_gmt":"2025-03-07T10:45:18","guid":{"rendered":"https:\/\/247stiri.ro\/index.php\/2025\/03\/07\/scandal-in-senat-doua-sindicate-ale-angajatilor-se-revolta-impotriva-noului-regulament-de-organizare-si-functionare-a-serviciilor\/"},"modified":"2025-03-07T10:45:18","modified_gmt":"2025-03-07T10:45:18","slug":"scandal-in-senat-doua-sindicate-ale-angajatilor-se-revolta-impotriva-noului-regulament-de-organizare-si-functionare-a-serviciilor","status":"publish","type":"post","link":"https:\/\/247stiri.ro\/index.php\/2025\/03\/07\/scandal-in-senat-doua-sindicate-ale-angajatilor-se-revolta-impotriva-noului-regulament-de-organizare-si-functionare-a-serviciilor\/","title":{"rendered":"Scandal \u00een Senat. Dou\u0103 sindicate ale angaja\u021bilor se revolt\u0103 \u00eempotriva noului Regulament de organizare \u0219i func\u021bionare a serviciilor"},"content":{"rendered":"<p>Cele dou\u0103 sindicate sus\u021bin c\u0103 Regulamentul a fost modificat &#8216;f\u0103r\u0103 respectarea niciunui criteriu de consultare public\u0103&#8217;.&#8217;De\u0219i Legea 367\/2022 privind dialogul social impune \u00een mod clar obliga\u021bia angajatorului de a se consulta cu sindicatele reprezentative, acest drept ne-a fost \u00eenc\u0103lcat \u00een mod deliberat. Nici p\u00e2n\u0103 \u00een acest moment Secretarul General al Senatului \u0219i conducerea Senatului Rom\u00e2niei nu au ini\u021biat negocierile colective pentru Contractul colectiv de munc\u0103 pentru personalul contractual \u0219i Acordul colectiv pentru func\u021bionarii publici parlamentari. \u00cen loc s\u0103 respecte procedurile legale \u0219i s\u0103 deschid\u0103 un dialog real, conducerea Senatului se gr\u0103be\u0219te s\u0103 impun\u0103 acest regulament, f\u0103r\u0103 a a\u0219tepta solu\u021biile instan\u021belor. Pe 25 \u0219i 27 martie, Curtea de Apel Bucure\u0219ti \u0219i Curtea Constitu\u021bional\u0103 a Rom\u00e2niei vor analiza aspecte esen\u021biale legate de aceast\u0103 situa\u021bie. Refuzul Senatului de a a\u0219tepta aceste decizii \u0219i de a respecta prevederile legale demonstreaz\u0103 reaua credin\u021b\u0103 a conducerii \u0219i inten\u021bia clar\u0103 de a bloca orice form\u0103 de dialog social real&#8217;, se men\u021bioneaz\u0103 \u00een comunicatul transmis, vineri, Agerpres.<\/p>\n<p><a title=\"Fenomenul drogurilor, in crestere, in Romania. Toleranta zero fata de soferii care conduc drogati. Legea se dezbate in acest moment in Senat\" href=\"https:\/\/www.realitatea.net\/stiri\/actual\/fenomenul-drogurilor-in-crestere-in-romania-toleranta-zero-fata-de-soferii-care-conduc-drogati-legea-se-dezbate-in-acest-moment-in-senat_67c73201530c5203190c1bf2\">Fenomenul drogurilor, \u00een cre\u0219tere, \u00een Rom\u00e2nia. Toleran\u021b\u0103 zero fa\u021b\u0103 de \u0219oferii care conduc droga\u021bi. Legea se dezbate \u00een acest moment \u00een Senat<\/a>Sindicatele arat\u0103 c\u0103 &#8216;sunt profund \u00eengrijorate de aceast\u0103 abordare unilateral\u0103, care nu doar c\u0103 ignor\u0103 drepturile angaja\u021bilor, dar risc\u0103 s\u0103 afecteze grav func\u021bionarea Senatului prin decizii impuse f\u0103r\u0103 o analiz\u0103 corect\u0103 \u0219i f\u0103r\u0103 o consultare real\u0103&#8217;.&#8217;Regulamentul a fost adoptat f\u0103r\u0103 ca opiniile reale ale angaja\u021bilor s\u0103 fie luate \u00een considerare, de\u0219i se afirm\u0103 c\u0103 &#8216;toate structurile&#8217; au participat la elaborarea sa. \u00cen realitate, sindicatele reprezentative au fost complet excluse din acest proces, ceea ce contravine principiilor transparen\u021bei \u0219i bunei guvern\u0103ri. Cerem interven\u021bia de urgen\u021b\u0103 a Biroului Permanent pentru a opri aceast\u0103 \u00eenc\u0103lcare flagrant\u0103 a legii \u0219i pentru a garanta c\u0103 drepturile angaja\u021bilor Senatului sunt respectate. De asemenea, solicit\u0103m inspectorilor de munc\u0103 \u0219i Ministerului Muncii s\u0103 sanc\u021bioneze aceste abuzuri, a\u0219a cum prevede legisla\u021bia \u00een vigoare&#8217;, se mai arat\u0103 \u00een comunicat.Sindicatul Func\u021bionarilor Publici Parlamentari \u0219i Sindicatul Personalului Contractual din Senatul Rom\u00e2niei precizeaz\u0103 c\u0103 \u00ee\u0219i rezerv\u0103 dreptul de a \u00eentreprinde toate ac\u021biunile legale necesare pentru ap\u0103rarea drepturilor lor \u0219i pentru a se asigura c\u0103 Senatul r\u0103m\u00e2ne o institu\u021bie a democra\u021biei, &#8216;nu un loc unde deciziile sunt impuse cu for\u021ba, f\u0103r\u0103 dialog \u0219i f\u0103r\u0103 respect fa\u021b\u0103 de lege&#8217;.&#8217;Solicit\u0103m am\u00e2narea adopt\u0103rii Regulamentului de organizare \u0219i func\u021bionare a serviciilor Senatului cel pu\u021bin p\u00e2n\u0103 la deciziile Cur\u021bii de Apel Bucure\u0219ti \u0219i a Cur\u021bii Constitu\u021bionale a Rom\u00e2niei cu privire la contesta\u021biile Hot\u0103r\u00e2rii Senatului 5\/2025 \u0219i deschiderea unui dialog real cu sindicatele reprezentative din Senat, \u00een conformitate cu obliga\u021biile legale&#8217;, se transmite prin comunicat.\u00a0<\/p>\n<p><a title=\"Proiect de lege pentru instituirea Zilei Nationale a Familiei, depus in Parlament. Pe ce data ar vrea alesii sa sarbatorim celula de baza a societatii\" href=\"https:\/\/www.realitatea.net\/stiri\/actual\/proiect-de-lege-pentru-instituirea-zilei-nationale-a-familiei-depus-in-parlament-pe-ce-data-ar-vrea-alesii-sa-sarbatorim-celula-de-baza-a-societatii_67cab5c26487be0d7c63cae2\">Proiect de lege pentru instituirea Zilei Na\u021bionale a Familiei, depus \u00een Parlament. Pe ce dat\u0103 ar vrea ale\u0219ii s\u0103 s\u0103rb\u0103torim celula de baz\u0103 a societ\u0103\u021bii<\/a><\/p>","protected":false},"excerpt":{"rendered":"<p>Cele dou\u0103 sindicate sus\u021bin c\u0103 Regulamentul a fost modificat &#8216;f\u0103r\u0103 respectarea niciunui criteriu de consultare&hellip;<\/p>\n","protected":false},"author":0,"featured_media":37575,"comment_status":"open","ping_status":"open","sticky":false,"template":"","format":"standard","meta":{"footnotes":""},"categories":[2],"tags":[],"class_list":["post-37574","post","type-post","status-publish","format-standard","has-post-thumbnail","hentry","category-actual"],"_links":{"self":[{"href":"https:\/\/247stiri.ro\/index.php\/wp-json\/wp\/v2\/posts\/37574","targetHints":{"allow":["GET"]}}],"collection":[{"href":"https:\/\/247stiri.ro\/index.php\/wp-json\/wp\/v2\/posts"}],"about":[{"href":"https:\/\/247stiri.ro\/index.php\/wp-json\/wp\/v2\/types\/post"}],"replies":[{"embeddable":true,"href":"https:\/\/247stiri.ro\/index.php\/wp-json\/wp\/v2\/comments?post=37574"}],"version-history":[{"count":0,"href":"https:\/\/247stiri.ro\/index.php\/wp-json\/wp\/v2\/posts\/37574\/revisions"}],"wp:featuredmedia":[{"embeddable":true,"href":"https:\/\/247stiri.ro\/index.php\/wp-json\/wp\/v2\/media\/37575"}],"wp:attachment":[{"href":"https:\/\/247stiri.ro\/index.php\/wp-json\/wp\/v2\/media?parent=37574"}],"wp:term":[{"taxonomy":"category","embeddable":true,"href":"https:\/\/247stiri.ro\/index.php\/wp-json\/wp\/v2\/categories?post=37574"},{"taxonomy":"post_tag","embeddable":true,"href":"https:\/\/247stiri.ro\/index.php\/wp-json\/wp\/v2\/tags?post=37574"}],"curies":[{"name":"wp","href":"https:\/\/api.w.org\/{rel}","templated":true}]}}