{"id":37593,"date":"2025-03-07T11:45:23","date_gmt":"2025-03-07T11:45:23","guid":{"rendered":"https:\/\/247stiri.ro\/index.php\/2025\/03\/07\/ilie-bolojan-despre-armata-obligatorie-regulile-razboiului-se-schimba-intotdeauna-ai-nevoie-de-militari\/"},"modified":"2025-03-07T11:45:23","modified_gmt":"2025-03-07T11:45:23","slug":"ilie-bolojan-despre-armata-obligatorie-regulile-razboiului-se-schimba-intotdeauna-ai-nevoie-de-militari","status":"publish","type":"post","link":"https:\/\/247stiri.ro\/index.php\/2025\/03\/07\/ilie-bolojan-despre-armata-obligatorie-regulile-razboiului-se-schimba-intotdeauna-ai-nevoie-de-militari\/","title":{"rendered":"Ilie Bolojan, despre armata obligatorie: Regulile r\u0103zboiului se schimb\u0103. \u00centotdeauna ai nevoie de militari"},"content":{"rendered":"<p>\u201eDin punctul meu de vedere, cred c\u0103 e bine s\u0103 avem o armat\u0103 de profesioni\u015fti, o armat\u0103 dotat\u0103. regulile r\u0103zboiului se schimb\u0103. \u00centotdeauna ai nevoie de militari \u00een teren, dar deja nu num\u0103rul lor este cea mai mare problem\u0103, ci dot\u0103rile lor \u015fi tot ceea ce \u00eenseamn\u0103 supraveghere, care dot\u0103ri de tip drone \u015fi a\u015fa mai departe, sateli\u0163i.<\/p>\n<p>Deci, dat fiind aceast\u0103 schimbare de reguli, cred c\u0103 \u015fi noi, ca \u0163ar\u0103, dar \u015fi \u0163\u0103rile din Europa, trebuie s\u0103 se adapteze, inclusiv s\u0103 adapteze comenziile, dot\u0103rile \u015fi strategia la aceste realit\u0103\u0163i care se v\u0103d din acest conflict care \u00eel avem \u00een Ucraina\u201d, a declarat, joi, Ilie Bolojan, la Bruxelles.\u00a0<\/p>","protected":false},"excerpt":{"rendered":"<p>\u201eDin punctul meu de vedere, cred c\u0103 e bine s\u0103 avem o armat\u0103 de profesioni\u015fti,&hellip;<\/p>\n","protected":false},"author":0,"featured_media":37594,"comment_status":"open","ping_status":"open","sticky":false,"template":"","format":"standard","meta":{"footnotes":""},"categories":[3],"tags":[],"class_list":["post-37593","post","type-post","status-publish","format-standard","has-post-thumbnail","hentry","category-politica"],"_links":{"self":[{"href":"https:\/\/247stiri.ro\/index.php\/wp-json\/wp\/v2\/posts\/37593","targetHints":{"allow":["GET"]}}],"collection":[{"href":"https:\/\/247stiri.ro\/index.php\/wp-json\/wp\/v2\/posts"}],"about":[{"href":"https:\/\/247stiri.ro\/index.php\/wp-json\/wp\/v2\/types\/post"}],"replies":[{"embeddable":true,"href":"https:\/\/247stiri.ro\/index.php\/wp-json\/wp\/v2\/comments?post=37593"}],"version-history":[{"count":0,"href":"https:\/\/247stiri.ro\/index.php\/wp-json\/wp\/v2\/posts\/37593\/revisions"}],"wp:featuredmedia":[{"embeddable":true,"href":"https:\/\/247stiri.ro\/index.php\/wp-json\/wp\/v2\/media\/37594"}],"wp:attachment":[{"href":"https:\/\/247stiri.ro\/index.php\/wp-json\/wp\/v2\/media?parent=37593"}],"wp:term":[{"taxonomy":"category","embeddable":true,"href":"https:\/\/247stiri.ro\/index.php\/wp-json\/wp\/v2\/categories?post=37593"},{"taxonomy":"post_tag","embeddable":true,"href":"https:\/\/247stiri.ro\/index.php\/wp-json\/wp\/v2\/tags?post=37593"}],"curies":[{"name":"wp","href":"https:\/\/api.w.org\/{rel}","templated":true}]}}