{"id":37616,"date":"2025-03-07T12:47:01","date_gmt":"2025-03-07T12:47:01","guid":{"rendered":"https:\/\/247stiri.ro\/index.php\/2025\/03\/07\/scene-socante-intr-un-liceu-din-targoviste-un-elev-de-16-ani-a-fost-injunghiat-in-picior-de-un-coleg\/"},"modified":"2025-03-07T12:47:01","modified_gmt":"2025-03-07T12:47:01","slug":"scene-socante-intr-un-liceu-din-targoviste-un-elev-de-16-ani-a-fost-injunghiat-in-picior-de-un-coleg","status":"publish","type":"post","link":"https:\/\/247stiri.ro\/index.php\/2025\/03\/07\/scene-socante-intr-un-liceu-din-targoviste-un-elev-de-16-ani-a-fost-injunghiat-in-picior-de-un-coleg\/","title":{"rendered":"Scene \u0219ocante \u00eentr-un liceu din T\u00e2rgovi\u0219te: un elev de 16 ani a fost \u00eenjunghiat \u00een picior de un coleg"},"content":{"rendered":"<p>&#8222;La data de 6 martie a.c., poli\u021bi\u0219tii din cadrul Poli\u021biei Municipiului T\u00e2rgovi\u0219te au fost sesiza\u021bi de c\u0103tre reprezentan\u021bii unei unit\u0103\u021bi medicale din T\u00e2rgovi\u0219te cu privire la faptul c\u0103 un minor prezint\u0103 o plag\u0103 la nivelul piciorului st\u00e2ng. Din verific\u0103rile preliminare efectuate, poli\u021bi\u0219tii au stabilit faptul c\u0103, la data de 6 martie a.c., minorul, de 16 ani, \u00een timp ce s-ar fi aflat \u00een incinta unei unit\u0103\u021bi de \u00eenv\u0103\u021b\u0103m\u00e2nt din T\u00e2rgovi\u0219te, ar fi fost agresat fizic cu un obiect ascu\u021bit-t\u0103ietor de c\u0103tre un alt minor, de 16 ani&#8221;, precizeaz\u0103 IPJ D\u00e2mbovi\u021ba.Poli\u021bi\u0219tii au deschis un dosar penal pentru lovire sau alte violen\u021be \u0219i portul sau folosirea f\u0103r\u0103 drept de obiecte periculoase, cercet\u0103rile fiind continuate sub coordonarea unui procuror de la Parchetul de pe l\u00e2ng\u0103 Judec\u0103toria T\u00e2rgovi\u0219te, scrie Agerpres.<\/p>\n<p><a title='Ministerul Educatiei, despre performanta la nivel de liceu: \"Nu arata bine. Modelele pe care le avem nu mai sunt adecvate\"' href=\"https:\/\/www.realitatea.net\/stiri\/actual\/ministerul-educatiei-despre-performanta-la-nivel-de-liceu-nu-arata-bine-modelele-pe-care-le-avem-nu-mai-sunt-adecvate_67c729e7d75b642d79236ce7\">Ministerul Educa\u021biei, despre performan\u021ba la nivel de liceu: \u201dNu arat\u0103 bine. Modelele pe care le avem nu mai sunt adecvate\u201d<\/a><\/p>\n<p>\u00a0<\/p>","protected":false},"excerpt":{"rendered":"<p>&#8222;La data de 6 martie a.c., poli\u021bi\u0219tii din cadrul Poli\u021biei Municipiului T\u00e2rgovi\u0219te au fost sesiza\u021bi&hellip;<\/p>\n","protected":false},"author":0,"featured_media":37617,"comment_status":"open","ping_status":"open","sticky":false,"template":"","format":"standard","meta":{"footnotes":""},"categories":[2],"tags":[],"class_list":["post-37616","post","type-post","status-publish","format-standard","has-post-thumbnail","hentry","category-actual"],"_links":{"self":[{"href":"https:\/\/247stiri.ro\/index.php\/wp-json\/wp\/v2\/posts\/37616","targetHints":{"allow":["GET"]}}],"collection":[{"href":"https:\/\/247stiri.ro\/index.php\/wp-json\/wp\/v2\/posts"}],"about":[{"href":"https:\/\/247stiri.ro\/index.php\/wp-json\/wp\/v2\/types\/post"}],"replies":[{"embeddable":true,"href":"https:\/\/247stiri.ro\/index.php\/wp-json\/wp\/v2\/comments?post=37616"}],"version-history":[{"count":0,"href":"https:\/\/247stiri.ro\/index.php\/wp-json\/wp\/v2\/posts\/37616\/revisions"}],"wp:featuredmedia":[{"embeddable":true,"href":"https:\/\/247stiri.ro\/index.php\/wp-json\/wp\/v2\/media\/37617"}],"wp:attachment":[{"href":"https:\/\/247stiri.ro\/index.php\/wp-json\/wp\/v2\/media?parent=37616"}],"wp:term":[{"taxonomy":"category","embeddable":true,"href":"https:\/\/247stiri.ro\/index.php\/wp-json\/wp\/v2\/categories?post=37616"},{"taxonomy":"post_tag","embeddable":true,"href":"https:\/\/247stiri.ro\/index.php\/wp-json\/wp\/v2\/tags?post=37616"}],"curies":[{"name":"wp","href":"https:\/\/api.w.org\/{rel}","templated":true}]}}