{"id":37618,"date":"2025-03-07T12:47:01","date_gmt":"2025-03-07T12:47:01","guid":{"rendered":"https:\/\/247stiri.ro\/index.php\/2025\/03\/07\/sefa-spionilor-americani-tulsi-gabbard-vine-in-europa-anularea-alegerilor-prezidentiale-din-romania-pe-agenda-oficialului-sua\/"},"modified":"2025-03-07T12:47:01","modified_gmt":"2025-03-07T12:47:01","slug":"sefa-spionilor-americani-tulsi-gabbard-vine-in-europa-anularea-alegerilor-prezidentiale-din-romania-pe-agenda-oficialului-sua","status":"publish","type":"post","link":"https:\/\/247stiri.ro\/index.php\/2025\/03\/07\/sefa-spionilor-americani-tulsi-gabbard-vine-in-europa-anularea-alegerilor-prezidentiale-din-romania-pe-agenda-oficialului-sua\/","title":{"rendered":"\u0218efa spionilor americani, Tulsi Gabbard, vine \u00een Europa. Anularea alegerilor preziden\u021biale din Rom\u00e2nia, pe agenda oficialului SUA"},"content":{"rendered":"<p>Conform surselor presei interna\u021bionale, Gabbard se va \u00eent\u00e2lni cu personalit\u0103\u021bi importante din domeniul politic \u0219i al informa\u021biilor europene.<\/p>\n<p>Pe l\u00e2ng\u0103 o \u00eent\u00e2lnire de mare profil cu coordonatorul na\u021bional de informa\u021bii al Fran\u021bei la Paris, oficialul american a programat discu\u021bii pe dou\u0103 subiecte extrem de controversate: statutul libert\u0103\u021bii de exprimare \u00een Europa \u0219i presupusul rol al Uniunii Europene \u00een anularea alegerilor preziden\u021biale din Rom\u00e2nia din 8 decembrie 2024.<\/p>\n<p>Gabbard, care este binecunoscut\u0103 pentru independen\u021ba \u0219i disponibilitatea ei de a pune la \u00eendoial\u0103 \u00een\u021belepciunea conven\u021bional\u0103, ofer\u0103 un punct de vedere distinct asupra pozi\u021biei sale. Urm\u0103toarea ei c\u0103l\u0103torie european\u0103 este privit\u0103 ca o \u0219ans\u0103 de a aborda preocup\u0103rile tot mai mari cu privire la standardele democratice \u0219i suveranitatea de pe continent, consolid\u00e2nd \u00een acela\u0219i timp acordurile de partajare a informa\u021biilor, scriu ziarele de peste ocean.<\/p>\n<p><a href=\"https:\/\/www.realitatea.net\/stiri\/actual\/cine-este-aleasa-lui-trump-pentru-a-conduce-serviciile-secrete-americane-are-zero-experienta-in-domeniu-si-este-vazuta-ca-fiind-indulgenta-fata-de-rusia-si-siria_67375c5aeb8dc559e41a8d02\" target=\"_blank\">Cine este aleasa lui Trump pentru a conduce serviciile secrete americane. Are zero experien\u021b\u0103 \u00een domeniu \u0219i este v\u0103zut\u0103 ca fiind indulgent\u0103 fa\u0163\u0103 de Rusia \u015fi Siria\u00a0<\/a><\/p>","protected":false},"excerpt":{"rendered":"<p>Conform surselor presei interna\u021bionale, Gabbard se va \u00eent\u00e2lni cu personalit\u0103\u021bi importante din domeniul politic \u0219i&hellip;<\/p>\n","protected":false},"author":0,"featured_media":37610,"comment_status":"open","ping_status":"open","sticky":false,"template":"","format":"standard","meta":{"footnotes":""},"categories":[2],"tags":[],"class_list":["post-37618","post","type-post","status-publish","format-standard","has-post-thumbnail","hentry","category-actual"],"_links":{"self":[{"href":"https:\/\/247stiri.ro\/index.php\/wp-json\/wp\/v2\/posts\/37618","targetHints":{"allow":["GET"]}}],"collection":[{"href":"https:\/\/247stiri.ro\/index.php\/wp-json\/wp\/v2\/posts"}],"about":[{"href":"https:\/\/247stiri.ro\/index.php\/wp-json\/wp\/v2\/types\/post"}],"replies":[{"embeddable":true,"href":"https:\/\/247stiri.ro\/index.php\/wp-json\/wp\/v2\/comments?post=37618"}],"version-history":[{"count":0,"href":"https:\/\/247stiri.ro\/index.php\/wp-json\/wp\/v2\/posts\/37618\/revisions"}],"wp:featuredmedia":[{"embeddable":true,"href":"https:\/\/247stiri.ro\/index.php\/wp-json\/wp\/v2\/media\/37610"}],"wp:attachment":[{"href":"https:\/\/247stiri.ro\/index.php\/wp-json\/wp\/v2\/media?parent=37618"}],"wp:term":[{"taxonomy":"category","embeddable":true,"href":"https:\/\/247stiri.ro\/index.php\/wp-json\/wp\/v2\/categories?post=37618"},{"taxonomy":"post_tag","embeddable":true,"href":"https:\/\/247stiri.ro\/index.php\/wp-json\/wp\/v2\/tags?post=37618"}],"curies":[{"name":"wp","href":"https:\/\/api.w.org\/{rel}","templated":true}]}}