{"id":37641,"date":"2025-03-07T13:44:56","date_gmt":"2025-03-07T13:44:56","guid":{"rendered":"https:\/\/247stiri.ro\/index.php\/2025\/03\/07\/boala-necrutatoare-care-i-a-adus-sfarsitul-astroloagei-minerva-putini-stiau-despre-problemele-sale-de-sanatate\/"},"modified":"2025-03-07T13:44:56","modified_gmt":"2025-03-07T13:44:56","slug":"boala-necrutatoare-care-i-a-adus-sfarsitul-astroloagei-minerva-putini-stiau-despre-problemele-sale-de-sanatate","status":"publish","type":"post","link":"https:\/\/247stiri.ro\/index.php\/2025\/03\/07\/boala-necrutatoare-care-i-a-adus-sfarsitul-astroloagei-minerva-putini-stiau-despre-problemele-sale-de-sanatate\/","title":{"rendered":"Boala necru\u021b\u0103toare care i-a adus sf\u00e2r\u0219itul astroloagei Minerva. Pu\u021bini \u0219tiau despre problemele sale de s\u0103n\u0103tate"},"content":{"rendered":"<p>Minerva \u0219i-a petrecut ultimele luni de via\u021b\u0103 \u00een spitale, at\u00e2t \u00een \u021bar\u0103, c\u00e2t \u0219i \u00een str\u0103in\u0103tate, \u00een lupta sa cu o boal\u0103 crunt\u0103.<\/p>\n<p>Potrivit unor surse Click!, Minerva suferea de cancer ovarian. S-a stins din via\u021b\u0103 \u00een aceast\u0103 diminea\u021b\u0103 la ora 07:45, \u00een Spitalul Sf\u00e2ntul Ioan, acolo unde era internat\u0103 de c\u00e2teva s\u0103pt\u0103m\u00e2ni. Va fi \u00eenmorm\u00e2ntat\u0103 luni, 10 martie, la Arad, l\u00e2ng\u0103 tat\u0103l ei.\u00a0<\/p>\n<p>\u00cenc\u0103 din copil\u0103rie, a fost nevoit\u0103 s\u0103 duc\u0103 o lupt\u0103 grea cu boala. La doar 9 ani, medicii i-au pus un diagnostic crunt: leucemie limfocitar\u0103 acut\u0103. A urmat o perioad\u0103 lung\u0103 de tratamente, restric\u021bii \u0219i incertitudine, \u00een care a fost nevoit\u0103 s\u0103 renun\u021be la o copil\u0103rie normal\u0103.<\/p>\n<p>\u201eLa nou\u0103 ani mi s-a spus c\u0103 am leucemie. Era o lupt\u0103 continu\u0103, at\u00e2t pentru mine, c\u00e2t \u0219i pentru p\u0103rin\u021bii mei. La \u00eenceput, nimeni nu era sigur de diagnostic. Ani de zile am tr\u0103it ca \u00eentr-o cu\u0219c\u0103, f\u0103r\u0103 s\u0103 am voie s\u0103 m\u0103 joc sau s\u0103 fac mi\u0219c\u0103ri bru\u0219te. Am stat mai mult prin spitale \u0219i am dus aceast\u0103 lupt\u0103 p\u00e2n\u0103 la 17 ani. Chiar \u0219i dup\u0103 aceea, a trebuit s\u0103 iau tratament\u201d, povestea astrologul.\u00a0<\/p>\n<p>Minerva nu a fost ferit\u0103 nici de alte experien\u021be extreme. A trecut prin situa\u021bii \u00een care \u0219i-a v\u0103zut propria via\u021b\u0103 pus\u0103 \u00een pericol, dar de fiecare dat\u0103 a g\u0103sit puterea s\u0103 mearg\u0103 mai departe. Ultima mare \u00eencercare prin care a trecut a fost o problem\u0103 de s\u0103n\u0103tate grav\u0103 care a necesitat o interven\u021bie chirurgical\u0103 urgent\u0103. Chiar \u0219i atunci, a apelat la cuno\u0219tin\u021bele sale astrologice pentru a lua cea mai bun\u0103 decizie.<\/p>\n<p>\u201eC\u00e2nd am c\u0103zut la pat anul acesta, singura mea salvare a fost astrograma mea. Am analizat totul \u0219i, \u00een func\u021bie de ce am v\u0103zut \u00een hart\u0103, am plecat la Arad s\u0103 m\u0103 operez. Totul este scris acolo, trebuie doar s\u0103 \u0219tii cum s\u0103 cite\u0219ti\u201d, m\u0103rturisea Minerva.<\/p>\n<p>\u00cen ciuda \u00eencerc\u0103rilor grele, Minerva a r\u0103mas un nume de referin\u021b\u0103 \u00een lumea astrologiei. A oferit \u00eendrumare \u0219i previziuni pentru mii de oameni, fiind considerat\u0103 una dintre cele mai de \u00eencredere voci din domeniu. Via\u021ba sa a fost pres\u0103rat\u0103 cu evenimente dramatice, dar \u0219i cu momente de succes, l\u0103s\u00e2nd \u00een urma sa o mo\u0219tenire care va r\u0103m\u00e2ne vie \u00een memoria celor care au apreciat-o.<\/p>\n<p>Astrologul Minerva s-a stins din via\u021b\u0103, dar povestea sa r\u0103m\u00e2ne un exemplu de lupt\u0103, curaj \u0219i destin marcat de for\u021be nev\u0103zute.<\/p>\n<p><a title=\"A murit MINERVA, unul dintre cei mai cunoscuti astrologi din Romania!\" href=\"https:\/\/www.realitatea.net\/stiri\/actual\/a-murit-minerva-unul-dintre-cei-mai-cunoscuti-astologi-din-romania_67cac3ea98e198761269ee92\">A murit MINERVA, unul dintre cei mai cunoscu\u021bi astrologi din Rom\u00e2nia!<\/a><\/p>","protected":false},"excerpt":{"rendered":"<p>Minerva \u0219i-a petrecut ultimele luni de via\u021b\u0103 \u00een spitale, at\u00e2t \u00een \u021bar\u0103, c\u00e2t \u0219i \u00een&hellip;<\/p>\n","protected":false},"author":0,"featured_media":37630,"comment_status":"open","ping_status":"open","sticky":false,"template":"","format":"standard","meta":{"footnotes":""},"categories":[2],"tags":[],"class_list":["post-37641","post","type-post","status-publish","format-standard","has-post-thumbnail","hentry","category-actual"],"_links":{"self":[{"href":"https:\/\/247stiri.ro\/index.php\/wp-json\/wp\/v2\/posts\/37641","targetHints":{"allow":["GET"]}}],"collection":[{"href":"https:\/\/247stiri.ro\/index.php\/wp-json\/wp\/v2\/posts"}],"about":[{"href":"https:\/\/247stiri.ro\/index.php\/wp-json\/wp\/v2\/types\/post"}],"replies":[{"embeddable":true,"href":"https:\/\/247stiri.ro\/index.php\/wp-json\/wp\/v2\/comments?post=37641"}],"version-history":[{"count":0,"href":"https:\/\/247stiri.ro\/index.php\/wp-json\/wp\/v2\/posts\/37641\/revisions"}],"wp:featuredmedia":[{"embeddable":true,"href":"https:\/\/247stiri.ro\/index.php\/wp-json\/wp\/v2\/media\/37630"}],"wp:attachment":[{"href":"https:\/\/247stiri.ro\/index.php\/wp-json\/wp\/v2\/media?parent=37641"}],"wp:term":[{"taxonomy":"category","embeddable":true,"href":"https:\/\/247stiri.ro\/index.php\/wp-json\/wp\/v2\/categories?post=37641"},{"taxonomy":"post_tag","embeddable":true,"href":"https:\/\/247stiri.ro\/index.php\/wp-json\/wp\/v2\/tags?post=37641"}],"curies":[{"name":"wp","href":"https:\/\/api.w.org\/{rel}","templated":true}]}}