{"id":37645,"date":"2025-03-07T13:44:57","date_gmt":"2025-03-07T13:44:57","guid":{"rendered":"https:\/\/247stiri.ro\/index.php\/2025\/03\/07\/motivarea-deciziei-prin-care-calin-georgescu-a-ramas-sub-control-judiciar-pentru-cele-mai-grave-acuzatii-nu-exista-suspiciuni-rezonabile-exclusiv-document\/"},"modified":"2025-03-07T13:44:57","modified_gmt":"2025-03-07T13:44:57","slug":"motivarea-deciziei-prin-care-calin-georgescu-a-ramas-sub-control-judiciar-pentru-cele-mai-grave-acuzatii-nu-exista-suspiciuni-rezonabile-exclusiv-document","status":"publish","type":"post","link":"https:\/\/247stiri.ro\/index.php\/2025\/03\/07\/motivarea-deciziei-prin-care-calin-georgescu-a-ramas-sub-control-judiciar-pentru-cele-mai-grave-acuzatii-nu-exista-suspiciuni-rezonabile-exclusiv-document\/","title":{"rendered":"Motivarea deciziei prin care C\u0103lin Georgescu a r\u0103mas sub control judiciar. Pentru cele mai grave acuza\u021bii NU EXIST\u0102 suspiciuni rezonabile &#8211; EXCLUSIV\/DOCUMENT"},"content":{"rendered":"<p>Procurorul a afirmat \u00een fa\u021ba juc\u0103torilor, c\u0103 din analiza actelor dosarului c\u0103 inculpatul a comis infrac\u021biuni de o &#8222;gravitate ridicat\u0103&#8221; \u0219i c\u0103 m\u0103sura este una propor\u021bional\u0103.<\/p>\n<p>De\u0219i procurorul de caz reclam\u0103 o gravitate ridicat\u0103 a infrac\u021biunilor re\u021binute \u00een sarcina sa, C\u0103lin Georgescu apreciaz\u0103 c\u0103 instituirea celei mai bl\u00e2nde m\u0103suri este propor\u021bional\u0103 cu aceasta \u0219i c\u0103 nu exist\u0103 \u201cnicio justificare concret\u0103 pentru care s-a luat\u0103 m\u0103sura controlului judiciar.\u201d<\/p>\n<p>De altfel, dup\u0103 analizarea documentelor \u0219i argumenta\u021biilor, judec\u0103torul consider\u0103 c\u0103 exist\u0103 suspiciune rezonabil\u0103 doar pentru infrac\u021biunea promovare a cultului persoanelor vinovate\u00a0de s\u0103v\u00e2r\u015firea unei infrac\u0163iuni contra p\u0103cii \u015fi omenirii sau\u00a0promovarea ideologiei fasciste, rasiste ori xenofobe.<\/p>\n\n<p>\u00cen schimb, judec\u0103torii n-au considerat c\u0103 exist\u0103 suspiciuni rezonabile pentru cele mai grave acuza\u021bii, cea de ini\u021biere sau constituire a unei organiza\u021bii cu caracter fascist, rasist ori xenofob ini\u021biere sau constituirea unei organiza\u021bii cu caracter antisemit nu exist\u0103 suspiciuni rezonabile.<\/p>\n\n<p>\u00cen final, judec\u0103torii au motiv men\u021binerea m\u0103surii controlului judiciar pentru a nu l\u0103sa impresia c\u0103 astfel de manifest\u0103ri ar fi tolerate, \u00een actualul &#8222;context socio-politic&#8221;.<\/p>","protected":false},"excerpt":{"rendered":"<p>Procurorul a afirmat \u00een fa\u021ba juc\u0103torilor, c\u0103 din analiza actelor dosarului c\u0103 inculpatul a comis&hellip;<\/p>\n","protected":false},"author":0,"featured_media":37638,"comment_status":"open","ping_status":"open","sticky":false,"template":"","format":"standard","meta":{"footnotes":""},"categories":[2],"tags":[],"class_list":["post-37645","post","type-post","status-publish","format-standard","has-post-thumbnail","hentry","category-actual"],"_links":{"self":[{"href":"https:\/\/247stiri.ro\/index.php\/wp-json\/wp\/v2\/posts\/37645","targetHints":{"allow":["GET"]}}],"collection":[{"href":"https:\/\/247stiri.ro\/index.php\/wp-json\/wp\/v2\/posts"}],"about":[{"href":"https:\/\/247stiri.ro\/index.php\/wp-json\/wp\/v2\/types\/post"}],"replies":[{"embeddable":true,"href":"https:\/\/247stiri.ro\/index.php\/wp-json\/wp\/v2\/comments?post=37645"}],"version-history":[{"count":0,"href":"https:\/\/247stiri.ro\/index.php\/wp-json\/wp\/v2\/posts\/37645\/revisions"}],"wp:featuredmedia":[{"embeddable":true,"href":"https:\/\/247stiri.ro\/index.php\/wp-json\/wp\/v2\/media\/37638"}],"wp:attachment":[{"href":"https:\/\/247stiri.ro\/index.php\/wp-json\/wp\/v2\/media?parent=37645"}],"wp:term":[{"taxonomy":"category","embeddable":true,"href":"https:\/\/247stiri.ro\/index.php\/wp-json\/wp\/v2\/categories?post=37645"},{"taxonomy":"post_tag","embeddable":true,"href":"https:\/\/247stiri.ro\/index.php\/wp-json\/wp\/v2\/tags?post=37645"}],"curies":[{"name":"wp","href":"https:\/\/api.w.org\/{rel}","templated":true}]}}