{"id":37647,"date":"2025-03-07T13:44:58","date_gmt":"2025-03-07T13:44:58","guid":{"rendered":"https:\/\/247stiri.ro\/index.php\/2025\/03\/07\/120-de-avioane-de-lupta-ar-putea-proteja-cerul-ucrainei-initiativa-este-una-exclusiv-europeana\/"},"modified":"2025-03-07T13:44:58","modified_gmt":"2025-03-07T13:44:58","slug":"120-de-avioane-de-lupta-ar-putea-proteja-cerul-ucrainei-initiativa-este-una-exclusiv-europeana","status":"publish","type":"post","link":"https:\/\/247stiri.ro\/index.php\/2025\/03\/07\/120-de-avioane-de-lupta-ar-putea-proteja-cerul-ucrainei-initiativa-este-una-exclusiv-europeana\/","title":{"rendered":"120 de avioane de lupt\u0103 ar putea proteja cerul Ucrainei. Ini\u021biativa este una exclusiv european\u0103"},"content":{"rendered":"<p>Proiectul Sky Shield are ca scop protejarea unei p\u0103r\u021bi din teritoriul Ucrainei, \u00een special a capitalei Kiev \u0219i a regiunilor vestice, iar sus\u021bin\u0103torii acestuia afirm\u0103 c\u0103 este o ini\u021biativ\u0103 european\u0103 de ap\u0103rare aerian\u0103, gestionat\u0103 separat de NATO.<\/p>\n<p>In\u021biativa European Sky Shield (ESSI) vizeaz\u0103 crearea unui sistem integrat de ap\u0103rare aerian\u0103 la sol \u00een Europa, care va include \u0219i capacit\u0103\u021bi antibalistice. Aceast\u0103 propunere a fost avansat\u0103 de cancelarul german Olaf Scholz \u00een vara anului 2022. \u00cencep\u00e2nd din 2025, un num\u0103r de 23 de \u021b\u0103ri europene, inclusiv Rom\u00e2nia, se vor al\u0103tura acestei ini\u021biative.<\/p>\n<p>Sky Shield ar avea poten\u021bialul de a contracara atacurile cu drone \u0219i rachete de croazier\u0103 din partea Rusiei asupra ora\u0219elor \u0219i infrastructurii critice, integr\u00e2ndu-se \u00een umbrela de ap\u0103rare aerian\u0103 propus\u0103 recent de pre\u0219edintele ucrainean Volodimir Zelenski.<\/p>\n<p><a title='Avertismentul fostului sef al armatei Ucrainei: ,,In viitorul apropiat, NATO ar putea inceta sa mai existe\"' href=\"https:\/\/www.realitatea.net\/stiri\/actual\/avertismentul-fostului-sef-al-armatei-ucrainei-in-viitorul-apropiat-nato-ar-putea-inceta-sa-mai-existe_67c9fe2cf47deb2ffa3e7c52\">Avertismentul fostului \u0219ef al armatei Ucrainei: \u201e\u00cen viitorul apropiat, NATO ar putea \u00eenceta s\u0103 mai existe\u201d<\/a><\/p>\n<p>Acest proiect ar putea oferi protec\u021bie pentru cele trei centrale nucleare \u00een func\u021biune din Ucraina, precum \u0219i pentru ora\u0219ele Kiev, Odesa \u0219i Lviv, \u00eens\u0103 nu ar acoperi zona de conflict sau estul \u021b\u0103rii, conform informa\u021biilor publicate de The Guardian.<\/p>\n<p>Un document recent sugereaz\u0103 c\u0103 acest program de ap\u0103rare ar putea genera un impact militar, politic \u0219i socio-economic considerabil, superior celui generat de 10.000 de solda\u021bi europeni.<\/p>\n<p>Gabrielius Landsbergis, fost ministru de externe al Lituaniei \u0219i sus\u021bin\u0103tor al planului, consider\u0103 c\u0103 Sky Shield va deveni o parte esen\u021bial\u0103 \u00een consolidarea securit\u0103\u021bii Europei, asigur\u00e2nd protec\u021bia eficient\u0103 a Ucrainei.<\/p>\n<p>Publica\u021bia men\u021bioneaz\u0103 c\u0103 variante ale acestui plan au fost discutate anterior, \u00eens\u0103 f\u0103r\u0103 rezultate concrete. Versiunea actualizat\u0103 a Sky Shield a c\u00e2\u0219tigat un nou impuls \u00een urma unei discu\u021bii \u00eentre pre\u0219edintele ucrainean Volodimir Zelenski, pre\u0219edintele american Donald Trump \u0219i vicepre\u0219edintele J.D. Vance, care a avut loc \u00een Biroul Oval pe 28 februarie.<\/p>\n<p>Sus\u021bin\u0103torii ini\u021biativei subliniaz\u0103 c\u0103 ritmul evenimentelor \u00eenseamn\u0103 c\u0103 ideile despre protejarea unei p\u0103r\u021bi a spa\u021biului aerian al Ucrainei ar putea acum s\u0103 capete un nou sens, scrie Defense Romania.<\/p>\n<p>\u00cen acela\u0219i timp, exist\u0103 temeri c\u0103 implementarea proiectului ar putea duce la o escaladare a ostilit\u0103\u021bilor dac\u0103 o aeronav\u0103 dintr-un stat membru NATO sau din Rusia este atacat\u0103 sau dobor\u00e2t\u0103. Cu toate acestea, sus\u021bin\u0103torii Sky Shield sus\u021bin c\u0103 riscul pentru pilo\u021bii proiectului este mic, deoarece avioanele ruse nu \u00eendr\u0103znesc s\u0103 zboare dincolo de linia frontului existent\u0103, iar distan\u021ba de facto p\u00e2n\u0103 la aeronavele ruse\u0219ti va fi \u201e peste 200 km\u201d.<\/p>\n<p><a title='Germania vrea sa reintroduca serviciul militar obligatoriu. ,,Nu ne putem descurca cu efectivele actuale\"' href=\"https:\/\/www.realitatea.net\/stiri\/extern\/germania-vrea-sa-reintroduca-serviciul-militar-obligatoriu-nu-ne-putem-descurca-cu-efectivele-actule_67caa52d1556561e1c43d513\">Germania vrea s\u0103 reintroduc\u0103 serviciul militar obligatoriu. \u201eNu ne putem descurca cu efectivele actuale\u201d<\/a><\/p>","protected":false},"excerpt":{"rendered":"<p>Proiectul Sky Shield are ca scop protejarea unei p\u0103r\u021bi din teritoriul Ucrainei, \u00een special a&hellip;<\/p>\n","protected":false},"author":0,"featured_media":37636,"comment_status":"open","ping_status":"open","sticky":false,"template":"","format":"standard","meta":{"footnotes":""},"categories":[2],"tags":[],"class_list":["post-37647","post","type-post","status-publish","format-standard","has-post-thumbnail","hentry","category-actual"],"_links":{"self":[{"href":"https:\/\/247stiri.ro\/index.php\/wp-json\/wp\/v2\/posts\/37647","targetHints":{"allow":["GET"]}}],"collection":[{"href":"https:\/\/247stiri.ro\/index.php\/wp-json\/wp\/v2\/posts"}],"about":[{"href":"https:\/\/247stiri.ro\/index.php\/wp-json\/wp\/v2\/types\/post"}],"replies":[{"embeddable":true,"href":"https:\/\/247stiri.ro\/index.php\/wp-json\/wp\/v2\/comments?post=37647"}],"version-history":[{"count":0,"href":"https:\/\/247stiri.ro\/index.php\/wp-json\/wp\/v2\/posts\/37647\/revisions"}],"wp:featuredmedia":[{"embeddable":true,"href":"https:\/\/247stiri.ro\/index.php\/wp-json\/wp\/v2\/media\/37636"}],"wp:attachment":[{"href":"https:\/\/247stiri.ro\/index.php\/wp-json\/wp\/v2\/media?parent=37647"}],"wp:term":[{"taxonomy":"category","embeddable":true,"href":"https:\/\/247stiri.ro\/index.php\/wp-json\/wp\/v2\/categories?post=37647"},{"taxonomy":"post_tag","embeddable":true,"href":"https:\/\/247stiri.ro\/index.php\/wp-json\/wp\/v2\/tags?post=37647"}],"curies":[{"name":"wp","href":"https:\/\/api.w.org\/{rel}","templated":true}]}}