{"id":37663,"date":"2025-03-07T14:45:36","date_gmt":"2025-03-07T14:45:36","guid":{"rendered":"https:\/\/247stiri.ro\/index.php\/2025\/03\/07\/nicolae-vlahu-aur-guvernul-vrea-sa-impuna-cenzura-in-mediul-online-si-sa-taie-libertatea-de-exprimare-a-romanilor\/"},"modified":"2025-03-07T14:45:36","modified_gmt":"2025-03-07T14:45:36","slug":"nicolae-vlahu-aur-guvernul-vrea-sa-impuna-cenzura-in-mediul-online-si-sa-taie-libertatea-de-exprimare-a-romanilor","status":"publish","type":"post","link":"https:\/\/247stiri.ro\/index.php\/2025\/03\/07\/nicolae-vlahu-aur-guvernul-vrea-sa-impuna-cenzura-in-mediul-online-si-sa-taie-libertatea-de-exprimare-a-romanilor\/","title":{"rendered":"Nicolae Vlahu (AUR): Guvernul vrea s\u0103 impun\u0103 cenzura \u00een mediul online \u0219i s\u0103 taie libertatea de exprimare a rom\u00e2nilor!"},"content":{"rendered":"<p>\u00cen acest context, senatorul AUR, Nicolae Vlahu, condamn\u0103 cu fermitate inten\u021biile Guvernului Ciolacu, care pun \u00een pericol libertatea de exprimare \u00een mediul online.<\/p>\n<p>\u201eAdoptarea unei astfel de legisla\u021bii deschide calea c\u0103tre cenzur\u0103 \u0219i permite autorit\u0103\u021bilor s\u0103 decid\u0103, arbitrar, ce voci trebuie reduse la t\u0103cere. Ca avocat, consider c\u0103 este o \u00eenc\u0103lcare grav\u0103 a drepturilor noastre fundamentale. Aceste m\u0103suri vor afecta direct dreptul de a discuta liber \u0219i deschis, ocolind orice principii de transparen\u021b\u0103 \u0219i dreptate\u201d, a declarat Nicolae Vlahu, senator AUR.<\/p>\n<p>Printre prevederile acestei ordonan\u021be, reg\u0103sim aspecte care fac imposibil\u0103 o interpretare corect\u0103 \u0219i legal\u0103, precum \u201e lipsa elementelor de verificare sau validare a identit\u0103\u021bii utilizatorului, utilizarea unor pagini sau conturi de utilizator, a c\u0103ror denumire s-a modificat \u00een timp, distribuirea de con\u021binut polarizant. Ce-ar \u00eensemna acum? S\u0103 nu mai distribuim nimic? Sunt curios cine sunt acei fact checkers. Mai avem c\u00e2teva situa\u021bii precum distribuirea de teorii ale conspira\u021biei sau apeluri emo\u021bionale. Cine decide c\u0103 o situa\u021bie reprezint\u0103 o teorie a conspira\u021biei \u0219i alta nu?\u201d, a \u00eentrebat retoric senatorul AUR, Nicolae Vlahu.<\/p>\n<p>Mai mult, textul ordonan\u021bei include no\u021biuni extrem de vagi, cum ar fi \u201etransmiterea de con\u021binut foto, video sau text, identic sau similar, care las\u0103 loc pentru interpret\u0103ri subiective. Un text legal nu poate include astfel de elemente imprecise, care pot fi folosite pentru a constr\u00e2nge orice form\u0103 de opinie disident\u0103\u201d, a continuat Nicolae Vlahu, sentator AUR.<\/p>\n<p>O alt\u0103 prevedere controversat\u0103 interzice utilizatorilor s\u0103 \u00eencurajeze distribuirea informa\u021biilor pe re\u021belele sociale. \u201eAceasta ar pune \u00een pericol dreptul de a informa corect cet\u0103\u021benii \u0219i de a sus\u021bine discu\u021bii publice constructive\u201d, a completat Nicolae Vlahu, senator AUR.<\/p>\n<p>\u201dNu vom mai putea solicita altora s\u0103 distribuie pentru ca oamenii s\u0103 fie informa\u021bi cu privire la diverse situa\u021bii. Suntem la limita riscului de a fi redu\u0219i total la t\u0103cere prin aceast\u0103 ordonan\u021b\u0103 a cenzurii \u00een mediul online, iar guvernul Ciolacu \u00eencearc\u0103 s\u0103 ne impun\u0103 o dictatur\u0103 mediatic\u0103!<\/p>\n<p>Solicit guvernului s\u0103 retrag\u0103 acest proiect de ordonan\u021b\u0103 de urgen\u021b\u0103 \u0219i s\u0103 ini\u021bieze un dialog transparent cu societatea civil\u0103, cu exper\u021bii din mass-media, cu exper\u021bii \u00een drept. Pentru c\u0103 doar a\u0219a putem ajunge la o cale care s\u0103 nu suprime aceast\u0103 libertate de exprimare a rom\u00e2nilor \u0219i putem identifica solu\u021bii echilibrate conform valorilor democratice ale Rom\u00e2niei\u201d, a ad\u0103ugat senatorul AUR, Nicolae Vlahu.<\/p>\n<p>\u201eAt\u00e2t eu, c\u00e2t \u0219i partidul AUR, vom lupta cu toate for\u021bele pentru a proteja aceste drepturi \u0219i libert\u0103\u021bi fundamentale garantate de Constitu\u021bia Rom\u00e2niei\u201d, a \u00eencheiat Nicolae Vlahu, senator AUR.<\/p>\n<p>\u00a0<\/p>","protected":false},"excerpt":{"rendered":"<p>\u00cen acest context, senatorul AUR, Nicolae Vlahu, condamn\u0103 cu fermitate inten\u021biile Guvernului Ciolacu, care pun&hellip;<\/p>\n","protected":false},"author":0,"featured_media":37664,"comment_status":"open","ping_status":"open","sticky":false,"template":"","format":"standard","meta":{"footnotes":""},"categories":[3],"tags":[],"class_list":["post-37663","post","type-post","status-publish","format-standard","has-post-thumbnail","hentry","category-politica"],"_links":{"self":[{"href":"https:\/\/247stiri.ro\/index.php\/wp-json\/wp\/v2\/posts\/37663","targetHints":{"allow":["GET"]}}],"collection":[{"href":"https:\/\/247stiri.ro\/index.php\/wp-json\/wp\/v2\/posts"}],"about":[{"href":"https:\/\/247stiri.ro\/index.php\/wp-json\/wp\/v2\/types\/post"}],"replies":[{"embeddable":true,"href":"https:\/\/247stiri.ro\/index.php\/wp-json\/wp\/v2\/comments?post=37663"}],"version-history":[{"count":0,"href":"https:\/\/247stiri.ro\/index.php\/wp-json\/wp\/v2\/posts\/37663\/revisions"}],"wp:featuredmedia":[{"embeddable":true,"href":"https:\/\/247stiri.ro\/index.php\/wp-json\/wp\/v2\/media\/37664"}],"wp:attachment":[{"href":"https:\/\/247stiri.ro\/index.php\/wp-json\/wp\/v2\/media?parent=37663"}],"wp:term":[{"taxonomy":"category","embeddable":true,"href":"https:\/\/247stiri.ro\/index.php\/wp-json\/wp\/v2\/categories?post=37663"},{"taxonomy":"post_tag","embeddable":true,"href":"https:\/\/247stiri.ro\/index.php\/wp-json\/wp\/v2\/tags?post=37663"}],"curies":[{"name":"wp","href":"https:\/\/api.w.org\/{rel}","templated":true}]}}