{"id":37665,"date":"2025-03-07T14:45:37","date_gmt":"2025-03-07T14:45:37","guid":{"rendered":"https:\/\/247stiri.ro\/index.php\/2025\/03\/07\/un-batran-a-ajuns-in-stare-grava-la-spital-dupa-ce-a-fost-accidentat-de-o-minora-pe-trotineta\/"},"modified":"2025-03-07T14:45:37","modified_gmt":"2025-03-07T14:45:37","slug":"un-batran-a-ajuns-in-stare-grava-la-spital-dupa-ce-a-fost-accidentat-de-o-minora-pe-trotineta","status":"publish","type":"post","link":"https:\/\/247stiri.ro\/index.php\/2025\/03\/07\/un-batran-a-ajuns-in-stare-grava-la-spital-dupa-ce-a-fost-accidentat-de-o-minora-pe-trotineta\/","title":{"rendered":"Un b\u0103tr\u00e2n a ajuns \u00een stare grav\u0103 la spital dup\u0103 ce a fost accidentat de o minor\u0103 pe trotinet\u0103"},"content":{"rendered":"<p>Cum s-a \u00eent\u00e2mplat incidentul<\/p>\n<p>B\u0103rbatul abia p\u0103\u0219ise pe carosabil c\u00e2nd a fost lovit \u00een plin de <a href=\"https:\/\/www.realitatea.net\/stiri\/actual\/accident-grav-intre-doua-masini-pe-o-strada-din-cluj-un-stalp-a-fost-avariat-si-a-cazut-peste-un-autoturism_67c9bd4d5956dd6b70090732\" target=\"_blank\">vehiculul cu dou\u0103 ro\u021bi,<\/a> condus de adolescenta care nu a mai reu\u0219it s\u0103 fr\u00e2neze la timp. Impactul l-a proiectat pe asfalt, unde a r\u0103mas \u00eentins p\u00e2n\u0103 la sosirea echipajului medical de la Serviciul Jude\u021bean de Ambulan\u021b\u0103 (SJA) Boto\u0219ani.<\/p>\n<p>\u201eDe la fa\u021ba locului am preluat un b\u0103rbat de 76 de ani, victim\u0103 a unui accident de trotinet\u0103. Acesta era policontuzionat, dar con\u0219tient \u0219i stabil. Acuza dureri la nivelul m\u00e2inii \u0219i \u0219oldului st\u00e2ngi, precum \u0219i la piciorul drept. A fost transportat la Urgen\u021be pentru investiga\u021bii suplimentare\u201d, a declarat un asistent medical din cadrul SJA Boto\u0219ani, arat\u0103 monitorulbt.ro.<\/p>\n<p><a href=\"https:\/\/www.realitatea.net\/stiri\/actual\/accident-rutier-grav-trei-masini-implicate-in-coliziune-victima-este-un-tanar-de-22-de-ani_67c9b0829e296b59882ae353\" target=\"_blank\">Cazul a intrat \u00een aten\u021bia poli\u021bi\u0219tilor,<\/a> care au deschis o anchet\u0103 pentru v\u0103t\u0103mare corporal\u0103 din culp\u0103. Victima a fost testat\u0103 cu aparatul etilotest, rezultatul fiind negativ. Autorit\u0103\u021bile urmeaz\u0103 s\u0103 stabileasc\u0103 circumstan\u021bele exacte ale accidentului \u0219i s\u0103 discute cu p\u0103rin\u021bii minorei, care ar putea fi sanc\u021biona\u021bi pentru nesupravegherea copilului.<\/p>","protected":false},"excerpt":{"rendered":"<p>Cum s-a \u00eent\u00e2mplat incidentul B\u0103rbatul abia p\u0103\u0219ise pe carosabil c\u00e2nd a fost lovit \u00een plin&hellip;<\/p>\n","protected":false},"author":0,"featured_media":37666,"comment_status":"open","ping_status":"open","sticky":false,"template":"","format":"standard","meta":{"footnotes":""},"categories":[2],"tags":[],"class_list":["post-37665","post","type-post","status-publish","format-standard","has-post-thumbnail","hentry","category-actual"],"_links":{"self":[{"href":"https:\/\/247stiri.ro\/index.php\/wp-json\/wp\/v2\/posts\/37665","targetHints":{"allow":["GET"]}}],"collection":[{"href":"https:\/\/247stiri.ro\/index.php\/wp-json\/wp\/v2\/posts"}],"about":[{"href":"https:\/\/247stiri.ro\/index.php\/wp-json\/wp\/v2\/types\/post"}],"replies":[{"embeddable":true,"href":"https:\/\/247stiri.ro\/index.php\/wp-json\/wp\/v2\/comments?post=37665"}],"version-history":[{"count":0,"href":"https:\/\/247stiri.ro\/index.php\/wp-json\/wp\/v2\/posts\/37665\/revisions"}],"wp:featuredmedia":[{"embeddable":true,"href":"https:\/\/247stiri.ro\/index.php\/wp-json\/wp\/v2\/media\/37666"}],"wp:attachment":[{"href":"https:\/\/247stiri.ro\/index.php\/wp-json\/wp\/v2\/media?parent=37665"}],"wp:term":[{"taxonomy":"category","embeddable":true,"href":"https:\/\/247stiri.ro\/index.php\/wp-json\/wp\/v2\/categories?post=37665"},{"taxonomy":"post_tag","embeddable":true,"href":"https:\/\/247stiri.ro\/index.php\/wp-json\/wp\/v2\/tags?post=37665"}],"curies":[{"name":"wp","href":"https:\/\/api.w.org\/{rel}","templated":true}]}}