{"id":37668,"date":"2025-03-07T14:45:38","date_gmt":"2025-03-07T14:45:38","guid":{"rendered":"https:\/\/247stiri.ro\/index.php\/2025\/03\/07\/primarul-sucevei-condamnat-pentru-acces-ilegal-la-informatii-confidentiale\/"},"modified":"2025-03-07T14:45:38","modified_gmt":"2025-03-07T14:45:38","slug":"primarul-sucevei-condamnat-pentru-acces-ilegal-la-informatii-confidentiale","status":"publish","type":"post","link":"https:\/\/247stiri.ro\/index.php\/2025\/03\/07\/primarul-sucevei-condamnat-pentru-acces-ilegal-la-informatii-confidentiale\/","title":{"rendered":"Primarul Sucevei, condamnat pentru acces ilegal la informa\u021bii confiden\u021biale"},"content":{"rendered":"<p>Decizia Tribunalului Suceava nu este definitiv\u0103, iar R\u00eembu \u00ee\u0219i poate continua activitatea f\u0103r\u0103 consecin\u021be imediate, at\u00e2ta timp c\u00e2t respect\u0103 condi\u021biile impuse de instan\u021b\u0103, potrivit <a href=\"https:\/\/www.bzi.ro\/primarul-sucevei-condamnat-pentru-acces-ilegal-la-informatii-confidentiale-5199169#goog_rewarded\" target=\"_blank\">BZI.<\/a><\/p>\n<p>Ce acuza\u021bii i se aduc lui Vasile R\u00eembu<\/p>\n<p>Dosarul penal \u00eel vizeaz\u0103 pe R\u00eembu pentru c\u0103, \u00een timpul anchetei privind gestionarea pandemiei la Spitalul Jude\u021bean Suceava, ar fi \u00eencercat s\u0103 ob\u021bin\u0103 informa\u021bii nepublice prin intermediul unor persoane din cadrul institu\u021biei. Potrivit DNA, acesta ar fi folosit rela\u021biile sale pentru a accesa documente confiden\u021biale legate de infect\u0103rile masive cu Covid-19.<\/p>\n<p>De\u0219i condamnat, R\u00eembu nu va executa nicio perioad\u0103 de deten\u021bie, ci va fi supravegheat timp de doi ani, perioad\u0103 \u00een care trebuie s\u0103 respecte mai multe obliga\u021bii, inclusiv raportarea la Serviciul de Proba\u021biune Suceava \u0219i informarea autorit\u0103\u021bilor despre orice schimbare de domiciliu sau loc de munc\u0103.<\/p>\n<p>De\u0219i implicat \u00een acest dosar penal, el r\u0103m\u00e2ne la conducerea ora\u0219ului, \u00een a\u0219teptarea unei eventuale decizii definitive a instan\u021bei.<\/p>","protected":false},"excerpt":{"rendered":"<p>Decizia Tribunalului Suceava nu este definitiv\u0103, iar R\u00eembu \u00ee\u0219i poate continua activitatea f\u0103r\u0103 consecin\u021be imediate,&hellip;<\/p>\n","protected":false},"author":0,"featured_media":37669,"comment_status":"open","ping_status":"open","sticky":false,"template":"","format":"standard","meta":{"footnotes":""},"categories":[2],"tags":[],"class_list":["post-37668","post","type-post","status-publish","format-standard","has-post-thumbnail","hentry","category-actual"],"_links":{"self":[{"href":"https:\/\/247stiri.ro\/index.php\/wp-json\/wp\/v2\/posts\/37668","targetHints":{"allow":["GET"]}}],"collection":[{"href":"https:\/\/247stiri.ro\/index.php\/wp-json\/wp\/v2\/posts"}],"about":[{"href":"https:\/\/247stiri.ro\/index.php\/wp-json\/wp\/v2\/types\/post"}],"replies":[{"embeddable":true,"href":"https:\/\/247stiri.ro\/index.php\/wp-json\/wp\/v2\/comments?post=37668"}],"version-history":[{"count":0,"href":"https:\/\/247stiri.ro\/index.php\/wp-json\/wp\/v2\/posts\/37668\/revisions"}],"wp:featuredmedia":[{"embeddable":true,"href":"https:\/\/247stiri.ro\/index.php\/wp-json\/wp\/v2\/media\/37669"}],"wp:attachment":[{"href":"https:\/\/247stiri.ro\/index.php\/wp-json\/wp\/v2\/media?parent=37668"}],"wp:term":[{"taxonomy":"category","embeddable":true,"href":"https:\/\/247stiri.ro\/index.php\/wp-json\/wp\/v2\/categories?post=37668"},{"taxonomy":"post_tag","embeddable":true,"href":"https:\/\/247stiri.ro\/index.php\/wp-json\/wp\/v2\/tags?post=37668"}],"curies":[{"name":"wp","href":"https:\/\/api.w.org\/{rel}","templated":true}]}}