{"id":37679,"date":"2025-03-07T15:44:48","date_gmt":"2025-03-07T15:44:48","guid":{"rendered":"https:\/\/247stiri.ro\/index.php\/2025\/03\/07\/cum-sa-alegi-cel-mai-bun-balsam-de-buze-sfaturi-si-recomandari-de-ingrijire\/"},"modified":"2025-03-07T15:44:48","modified_gmt":"2025-03-07T15:44:48","slug":"cum-sa-alegi-cel-mai-bun-balsam-de-buze-sfaturi-si-recomandari-de-ingrijire","status":"publish","type":"post","link":"https:\/\/247stiri.ro\/index.php\/2025\/03\/07\/cum-sa-alegi-cel-mai-bun-balsam-de-buze-sfaturi-si-recomandari-de-ingrijire\/","title":{"rendered":"Cum s\u0103 alegi cel mai bun balsam de buze? Sfaturi \u0219i recomand\u0103ri de \u00eengrijire"},"content":{"rendered":"<p>De ce este important s\u0103 folose\u0219ti un balsam de buze?<\/p>\n<p class=\"svelte-uzyam9\">Buzele nu con\u021bin glande sebacee, ceea ce le face predispuse la usc\u0103ciune \u0219i cr\u0103pare. Se recomand\u0103 utilizarea unui\u00a0balsam de buze\u00a0de calitate, deoarece:<\/p>\n<p>hidrateaz\u0103 intens buzele;protejeaz\u0103 buzele \u00eempotriva factorilor de mediu;previne cr\u0103p\u0103turile \u0219i descuamarea pielii buzelor;ofer\u0103 buzelor un aspect neted \u0219i s\u0103n\u0103tos.<\/p>\n<p class=\"svelte-uzyam9\">Este important s\u0103 folose\u0219ti \u00een mod regulat balsamul de buze. Te ap\u0103r\u0103 de frigul iernii, de v\u00e2nturile prim\u0103verii, este de ajutor c\u00e2nd vrei s\u0103-\u021bi aperi buzele de soarele puternic de var\u0103 sau de ploile reci ale toamnei.<\/p>\n<p>Cum s\u0103 alegi balsamul de buze potrivit?<\/p>\n<p class=\"svelte-uzyam9\">Atunci c\u00e2nd alegi un balsam de buze, trebuie s\u0103 \u021bii cont de mai mul\u021bi factori:<\/p>\n<p>Care este tipul de balsam de buze<\/p>\n<p class=\"svelte-uzyam9\">Exist\u0103 mai multe tipuri de balsamuri, fiecare av\u00e2nd beneficii specifice:<\/p>\n<p>balsam de buze hidratant \u2013 este recomandat pentru buzele uscate \u0219i cr\u0103pate;balsam de buze cu protec\u021bie solar\u0103 (SPF) \u2013 important \u00een rutina de \u00eengrijire, deoarece te protejeaz\u0103 \u00eempotriva razelor UV;balsam de buze colorat \u2013 ofer\u0103 un plus de culoare \u0219i hidratare;balsam de buze medicat \u2013 recomandat pentru tratarea buzelor extrem de cr\u0103pate.<\/p>","protected":false},"excerpt":{"rendered":"<p>De ce este important s\u0103 folose\u0219ti un balsam de buze? Buzele nu con\u021bin glande sebacee,&hellip;<\/p>\n","protected":false},"author":0,"featured_media":37680,"comment_status":"open","ping_status":"open","sticky":false,"template":"","format":"standard","meta":{"footnotes":""},"categories":[8],"tags":[],"class_list":["post-37679","post","type-post","status-publish","format-standard","has-post-thumbnail","hentry","category-lifestyle"],"_links":{"self":[{"href":"https:\/\/247stiri.ro\/index.php\/wp-json\/wp\/v2\/posts\/37679","targetHints":{"allow":["GET"]}}],"collection":[{"href":"https:\/\/247stiri.ro\/index.php\/wp-json\/wp\/v2\/posts"}],"about":[{"href":"https:\/\/247stiri.ro\/index.php\/wp-json\/wp\/v2\/types\/post"}],"replies":[{"embeddable":true,"href":"https:\/\/247stiri.ro\/index.php\/wp-json\/wp\/v2\/comments?post=37679"}],"version-history":[{"count":0,"href":"https:\/\/247stiri.ro\/index.php\/wp-json\/wp\/v2\/posts\/37679\/revisions"}],"wp:featuredmedia":[{"embeddable":true,"href":"https:\/\/247stiri.ro\/index.php\/wp-json\/wp\/v2\/media\/37680"}],"wp:attachment":[{"href":"https:\/\/247stiri.ro\/index.php\/wp-json\/wp\/v2\/media?parent=37679"}],"wp:term":[{"taxonomy":"category","embeddable":true,"href":"https:\/\/247stiri.ro\/index.php\/wp-json\/wp\/v2\/categories?post=37679"},{"taxonomy":"post_tag","embeddable":true,"href":"https:\/\/247stiri.ro\/index.php\/wp-json\/wp\/v2\/tags?post=37679"}],"curies":[{"name":"wp","href":"https:\/\/api.w.org\/{rel}","templated":true}]}}