{"id":37698,"date":"2025-03-07T15:44:56","date_gmt":"2025-03-07T15:44:56","guid":{"rendered":"https:\/\/247stiri.ro\/index.php\/2025\/03\/07\/george-simion-nu-candideaza-la-prezidentiale-il-sustinem-pe-calin-georgescu\/"},"modified":"2025-03-07T15:44:56","modified_gmt":"2025-03-07T15:44:56","slug":"george-simion-nu-candideaza-la-prezidentiale-il-sustinem-pe-calin-georgescu","status":"publish","type":"post","link":"https:\/\/247stiri.ro\/index.php\/2025\/03\/07\/george-simion-nu-candideaza-la-prezidentiale-il-sustinem-pe-calin-georgescu\/","title":{"rendered":"George Simion nu candideaz\u0103 la preziden\u021biale: \u201d\u00cel sus\u021binem pe C\u0103lin Georgescu\u201d"},"content":{"rendered":"<p>\u201eNu voi candida. M\u0103 \u021bin de cuv\u00e2nt. Este op\u021biunea personal\u0103 a domnului T\u00e2rziu (de a-l critica pe Georgescu &#8211; n.r.), nu reprezint\u0103 partidul. \u00cen forurile de conducere ale AUR decizia de sus\u021binere a domnului Georgescu a fost \u00een unanimitate luat\u0103\u201d, a declarat Simion.\u201eM-au amuzat foarte mult zilele acestea fel de fel de bazaconii, cel mai mult mi-a pl\u0103cut \u0103la cu ru\u0219ii care preg\u0103teau lovitura de stat. S\u0103 fim serio\u0219i. Nu iese nimeni din UE \u0219i NATO\u201d, a sus\u021binut pre\u0219edintele AUR.\u00centrebat despre eventuale contesta\u021bii la adresa candidaturii lui Georgescu, el a r\u0103spuns: \u201eCu siguran\u021b\u0103 vor fi, exist\u0103 foarte mul\u021bi du\u0219mani ai democra\u021biei \u0219i CCR a creat un precedent periculos pe care nu mai trebuie s\u0103-l repete\u201d.Potrivit liderului AUR, nu exist\u0103 niciun motiv \u00een legile \u021b\u0103rii, \u00een Constitu\u021bie pentru ca Georgescu s\u0103 fie invalidat.<\/p>","protected":false},"excerpt":{"rendered":"<p>\u201eNu voi candida. M\u0103 \u021bin de cuv\u00e2nt. Este op\u021biunea personal\u0103 a domnului T\u00e2rziu (de a-l&hellip;<\/p>\n","protected":false},"author":0,"featured_media":37690,"comment_status":"open","ping_status":"open","sticky":false,"template":"","format":"standard","meta":{"footnotes":""},"categories":[2],"tags":[],"class_list":["post-37698","post","type-post","status-publish","format-standard","has-post-thumbnail","hentry","category-actual"],"_links":{"self":[{"href":"https:\/\/247stiri.ro\/index.php\/wp-json\/wp\/v2\/posts\/37698","targetHints":{"allow":["GET"]}}],"collection":[{"href":"https:\/\/247stiri.ro\/index.php\/wp-json\/wp\/v2\/posts"}],"about":[{"href":"https:\/\/247stiri.ro\/index.php\/wp-json\/wp\/v2\/types\/post"}],"replies":[{"embeddable":true,"href":"https:\/\/247stiri.ro\/index.php\/wp-json\/wp\/v2\/comments?post=37698"}],"version-history":[{"count":0,"href":"https:\/\/247stiri.ro\/index.php\/wp-json\/wp\/v2\/posts\/37698\/revisions"}],"wp:featuredmedia":[{"embeddable":true,"href":"https:\/\/247stiri.ro\/index.php\/wp-json\/wp\/v2\/media\/37690"}],"wp:attachment":[{"href":"https:\/\/247stiri.ro\/index.php\/wp-json\/wp\/v2\/media?parent=37698"}],"wp:term":[{"taxonomy":"category","embeddable":true,"href":"https:\/\/247stiri.ro\/index.php\/wp-json\/wp\/v2\/categories?post=37698"},{"taxonomy":"post_tag","embeddable":true,"href":"https:\/\/247stiri.ro\/index.php\/wp-json\/wp\/v2\/tags?post=37698"}],"curies":[{"name":"wp","href":"https:\/\/api.w.org\/{rel}","templated":true}]}}