{"id":37703,"date":"2025-03-07T15:44:57","date_gmt":"2025-03-07T15:44:57","guid":{"rendered":"https:\/\/247stiri.ro\/index.php\/2025\/03\/07\/remus-pricopie-rectorul-snspa-a-depus-o-contestatie-la-candidatura-lui-calin-georgescu-pentru-alegerile-prezidentiale-din-mai\/"},"modified":"2025-03-07T15:44:57","modified_gmt":"2025-03-07T15:44:57","slug":"remus-pricopie-rectorul-snspa-a-depus-o-contestatie-la-candidatura-lui-calin-georgescu-pentru-alegerile-prezidentiale-din-mai","status":"publish","type":"post","link":"https:\/\/247stiri.ro\/index.php\/2025\/03\/07\/remus-pricopie-rectorul-snspa-a-depus-o-contestatie-la-candidatura-lui-calin-georgescu-pentru-alegerile-prezidentiale-din-mai\/","title":{"rendered":"Remus Pricopie, rectorul SNSPA, a depus o contesta\u021bie la candidatura lui C\u0103lin Georgescu pentru alegerile preziden\u021biale din mai"},"content":{"rendered":"<p>Contesta\u021bia se bazeaz\u0103 pe argumente solide de natur\u0103 constitu\u021bional\u0103 \u0219i juridic\u0103, care eviden\u021biaz\u0103 incompatibilitatea discursului \u0219i comportamentului candidatului cu valorile democratice \u0219i constitu\u021bionale ale statului rom\u00e2n.<\/p>\n<p>\u00a0<\/p>\n<p>Rectorul SNSPA solicit\u0103 Biroului Electoral Central:\u2022 verificarea \u00eendeplinirii condi\u021biilor de fond \u0219i de form\u0103 prev\u0103zute de lege pentru candidatura la func\u021bia de Pre\u0219edinte al Rom\u00e2niei din anul 2025 \u0219i,\u2022 respingerea candidaturii domnului C\u0103lin Georgescu, la alegerile pentru func\u021bia de Pre\u0219edinte al Rom\u00e2niei din anul 2025, constat\u00e2nd c\u0103 se \u00eencalc\u0103 condi\u021biile de eligibilitate prev\u0103zute de dispozi\u021biile constitu\u021bionale ale art.1 alin.(3) \u0219i (5), ale art.82 alin.(2), corelate cu cele ale art.148 \u0219i 149, cu referire la valorile democra\u021biei, la statul de drept, la respectarea Constitu\u021biei corelate cu garan\u021bia politico-militar\u0103 a acestora, respectiv apartenen\u021ba Rom\u00e2niei la UE \u0219i NATO.<\/p>\n<p>\u00a0<\/p>\n<p>Demersul se \u00eentemeiaz\u0103 pe faptul c\u0103 BEC are obliga\u021bia s\u0103 analizeze candidaturile \u00een raport de condi\u021biile de form\u0103 \u0219i de fond prev\u0103zute de Legea nr. 370\/2004 privind alegerea Pre\u0219edintelui Rom\u00e2niei, precum \u0219i \u00een raport de hot\u0103r\u00e2rile Cur\u021bii Constitu\u021bionale (CCR) \u00een materia alegerilor preziden\u021biale pronun\u021bate \u00een temeiul art. 146 lit. f) din Constitu\u021bie, \u00eentruc\u00e2t aceste hot\u0103r\u00e2ri reflect\u0103 un contencios electoral obiectiv \u0219i sunt general obligatorii (toate hot\u0103r\u00e2rile luate \u00een aceast\u0103 materie precizeaz\u0103 acest lucru \u00een mod expres).<\/p>\n<p>\u00a0<\/p>\n<p>Hot\u0103r\u00e2rile CCR sunt obligatorii at\u00e2t \u00een privin\u021ba dispozitivului, c\u00e2t \u0219i a considerentelor, iar conform jurispruden\u021bei CCR, dispozitivul \u0219i considerentele sunt general obligatorii, ca expresie a art. 147 alin. (4) din Constitu\u021bie. Aceast\u0103 regul\u0103 stabilit\u0103 pe cale jurispruden\u021bial\u0103 se aplic\u0103 at\u00e2t deciziilor CCR, c\u00e2t \u0219i hot\u0103r\u00e2rilor CCR, pentru c\u0103 hot\u0103r\u00e2rile, la fel ca deciziile sunt expresia aceluia\u0219i rol constitu\u021bional, anume rolul de a asigura suprema\u021bia Constitu\u021biei.<\/p>\n<p>Fiind general obligatorii pentru viitor, considerentele hot\u0103r\u00e2rilor CCR fac parte din fondul activ al ordinii juridice constitu\u021bionale. Ca atare, sunt obligatorii pentru toate autorit\u0103\u021bile\/institu\u021biile statului, inclusiv pentru BEC, \u00een realizarea competen\u021bei legale prev\u0103zute de Legea nr. 370\/2004.<\/p>\n<p>\u201eAm considerat necesar s\u0103 recurg la acest demers deoarece obliga\u021bia de a respecta Constitu\u021bia nu este doar o cerin\u021b\u0103 formal\u0103 \u00een momentul prelu\u0103rii mandatului preziden\u021bial, ci o condi\u021bie fundamental\u0103 de eligibilitate. Orice persoan\u0103 care aspir\u0103 la func\u021bia suprem\u0103 \u00een stat trebuie s\u0103 dovedeasc\u0103, f\u0103r\u0103 echivoc, respectul fa\u021b\u0103 de valorile democratice, ordinea constitu\u021bional\u0103 \u0219i angajamentele interna\u021bionale ale Rom\u00e2niei.<\/p>\n<p>\u00a0<\/p>\n<p>\u00cen calitate de profesor \u0219i rector al unei universit\u0103\u021bi din Rom\u00e2nia, m\u0103 simt dator fa\u021b\u0103 de rom\u00e2ni, dar mai ales fa\u021b\u0103 de tineri \u0219i genera\u021biile viitoare, s\u0103 iau atitudine \u00eempotriva oric\u0103rei \u00eencerc\u0103ri de a submina principiile fundamentale ale democra\u021biei \u0219i statului de drept. Viitorul acestei \u021b\u0103ri depinde de respectarea valorilor constitu\u021bionale \u0219i de promovarea unei conduite politice care s\u0103 inspire \u00eencredere \u0219i stabilitate.<\/p>\n<p>\u00a0<\/p>\n<p>Conduita unui candidat la Pre\u0219edin\u021bie nu poate fi redus\u0103 la o simpl\u0103 declara\u021bie de conformitate cu legea, ci trebuie s\u0103 reflecte un angajament real fa\u021b\u0103 de principiile statului de drept, manifestat printr-un discurs public coerent, loial \u0219i orientat spre consolidarea democra\u021biei. Din acest motiv, am sesizat Biroul Electoral Central, pentru c\u0103 respectarea Constitu\u021biei \u0219i a valorilor sale nu este o op\u021biune, ci o obliga\u021bie expres prev\u0103zut\u0103 de Legea fundamental\u0103 \u0219i consolidat\u0103 prin jur\u0103m\u00e2ntul de credin\u021b\u0103. \u00cen fa\u021ba unor \u00eenc\u0103lc\u0103ri at\u00e2t de grave ale acestor principii de c\u0103tre candidatul C\u0103lin Georgescu, consider c\u0103 nu putem r\u0103m\u00e2ne pasivi.\u201d, a declarat rectorul SNSPA.<\/p>\n<p>De asemenea, Pricopie, subliniaz\u0103 c\u0103 respectarea valorilor democratice, a statului de drept \u0219i a angajamentelor interna\u021bionale ale Rom\u00e2niei nu este negociabil\u0103 \u0219i trebuie s\u0103 constituie un criteriu esen\u021bial \u00een evaluarea oric\u0103rui candidat la func\u021bia suprem\u0103 \u00een stat. Contesta\u021bia depus\u0103 la Biroul Electoral Central reprezint\u0103 un demers necesar pentru protejarea integrit\u0103\u021bii procesului electoral \u0219i pentru prevenirea oric\u0103ror tentative de subminare a principiilor fundamentale care stau la baza societ\u0103\u021bii rom\u00e2ne\u0219ti, spune rectorul SNSPA.<\/p>","protected":false},"excerpt":{"rendered":"<p>Contesta\u021bia se bazeaz\u0103 pe argumente solide de natur\u0103 constitu\u021bional\u0103 \u0219i juridic\u0103, care eviden\u021biaz\u0103 incompatibilitatea discursului&hellip;<\/p>\n","protected":false},"author":0,"featured_media":37694,"comment_status":"open","ping_status":"open","sticky":false,"template":"","format":"standard","meta":{"footnotes":""},"categories":[2],"tags":[],"class_list":["post-37703","post","type-post","status-publish","format-standard","has-post-thumbnail","hentry","category-actual"],"_links":{"self":[{"href":"https:\/\/247stiri.ro\/index.php\/wp-json\/wp\/v2\/posts\/37703","targetHints":{"allow":["GET"]}}],"collection":[{"href":"https:\/\/247stiri.ro\/index.php\/wp-json\/wp\/v2\/posts"}],"about":[{"href":"https:\/\/247stiri.ro\/index.php\/wp-json\/wp\/v2\/types\/post"}],"replies":[{"embeddable":true,"href":"https:\/\/247stiri.ro\/index.php\/wp-json\/wp\/v2\/comments?post=37703"}],"version-history":[{"count":0,"href":"https:\/\/247stiri.ro\/index.php\/wp-json\/wp\/v2\/posts\/37703\/revisions"}],"wp:featuredmedia":[{"embeddable":true,"href":"https:\/\/247stiri.ro\/index.php\/wp-json\/wp\/v2\/media\/37694"}],"wp:attachment":[{"href":"https:\/\/247stiri.ro\/index.php\/wp-json\/wp\/v2\/media?parent=37703"}],"wp:term":[{"taxonomy":"category","embeddable":true,"href":"https:\/\/247stiri.ro\/index.php\/wp-json\/wp\/v2\/categories?post=37703"},{"taxonomy":"post_tag","embeddable":true,"href":"https:\/\/247stiri.ro\/index.php\/wp-json\/wp\/v2\/tags?post=37703"}],"curies":[{"name":"wp","href":"https:\/\/api.w.org\/{rel}","templated":true}]}}