{"id":37708,"date":"2025-03-07T16:44:47","date_gmt":"2025-03-07T16:44:47","guid":{"rendered":"https:\/\/247stiri.ro\/index.php\/2025\/03\/07\/premierul-frantei-avertisment-privind-evolutia-razboiului-desfasurarea-puterii-militare-a-rusiei-nu-se-va-opri-aici\/"},"modified":"2025-03-07T16:44:47","modified_gmt":"2025-03-07T16:44:47","slug":"premierul-frantei-avertisment-privind-evolutia-razboiului-desfasurarea-puterii-militare-a-rusiei-nu-se-va-opri-aici","status":"publish","type":"post","link":"https:\/\/247stiri.ro\/index.php\/2025\/03\/07\/premierul-frantei-avertisment-privind-evolutia-razboiului-desfasurarea-puterii-militare-a-rusiei-nu-se-va-opri-aici\/","title":{"rendered":"Premierul Fran\u021bei, avertisment privind evolu\u021bia r\u0103zboiului: \u201eDesf\u0103\u015furarea puterii militare a Rusiei nu se va opri aici\u201d"},"content":{"rendered":"<p>\u201eDac\u0103 nu vezi c\u0103 acest lucru este un factor destabilizator al \u00eentregii vie\u0163i pe planet\u0103, atunci nu vezi nimic\u201d, subliniaz\u0103 el.<\/p>\n<p>Fran\u00e7ois Bayrou estimeaz\u0103 c\u0103 \u201ddesf\u0103\u015furarea puterii militare a Rusiei nu se va opri aici\u201d, iar pre\u015fedintele american Donald Trump \u201dse \u00een\u015feal\u0103\u201d \u201ds\u0103 r\u0103stoarne legile care ne permiteau s\u0103 tr\u0103im \u00een pace (&#8230;), s\u0103-\u015fi transfome alia\u0163ii \u00een adversari \u015fi ianmici\u201d \u015fi \u201ds\u0103 fac\u0103 lumea mai nesigur\u0103 dec\u00e2t era, mai periculoas\u0103 dec\u00e2t era\u201d.<\/p>\n<p>\u201dAm v\u0103zut una dintre cele mai puternice \u015fi mai vaste \u0163\u0103ri din lume, cea mai bogat\u0103 cu toate bog\u0103\u0163iile subsolului, cu o armat\u0103 care este una dintre cele dou\u0103 sau trei cele mai puternice din lume, arunc\u00e2ndu-se asupra \u0163\u0103rii sale vecine pentru a o anexa, pentru a prelua controlul acesteia, pentru a-i \u00eendep\u0103rta de la putere pe conduc\u0103torii acesteia, pe scurt, pentru a o \u00eenghi\u0163i \u015fi a o lua\u201d, acuz\u0103\u00a0Fran\u00e7ois Bayrou.<\/p>\n<p>Rusia \u201dface ceea ce alte \u0163\u0103ri au f\u0103cut cu vecinii lor la sf\u00e2r\u015fitul anilor &#8217;30 \u015fi \u00een anii &#8217;40\u201d, acuz\u0103 el, referindu-se la Germania nazist\u0103.<\/p>\n<p>El revine \u00een acest interviu \u015fi asupra subiectului disuasiunii nucleare, dup\u0103 ce pre\u015fedintele\u00a0Emmanuel Macron a anun\u0163at joi c\u0103-\u015fi ofer\u0103 r\u0103gaz \u201dp\u00e2n\u0103 la sf\u00e2r\u015fitul semestrului\u201d pentru a vedea \u201ddac\u0103 exist\u0103 cooper\u0103ri noi care pot ap\u0103rea\u201d \u00een cadrul Uniunii Europene (UE) cu privire la posibilitatea ca alte \u0163\u0103ri aliate s\u0103 beneficieze de disuasiunea nuclear\u0103 francez\u0103.<\/p>\n<p>\u201dNu este automat? Nu exist\u0103 o punere \u00een comun?\u201d l-a \u00eentrebat jurnalista\u00a0Sonia Mabrouk.<\/p>\n<p>\u201dPunerea \u00een comun presupune s\u0103 avem interese vitale \u00een comun\u201d, i-a r\u0103spuns \u015feful Guvernului francez.<\/p>\n<p>\u201d\u00cens\u0103 vede\u0163i bine c\u0103 patronul (disuasiunii nucleare) r\u0103m\u00e2ne pre\u015fedintele Republicii\u201d, a subliniat el.<\/p>\n<p>\u00ceMPRUMUT NA\u0162IONAL?<\/p>\n<p>\u00centrebat despre ideea lans\u0103rii unui \u00eemprumut na\u0163ional, el a r\u0103spuns c\u0103 \u201daceasta este o posibilitate\u201d, \u00eens\u0103 \u201ddecizia nu este deloc luat\u0103\u201d.<\/p>\n<p>El declar\u0103 c\u0103 o form\u0103 de plasament na\u0163ional, un fel de livret de economii, face \u201dparte dintre solu\u0163ii\u201d \u015fic\u0103 \u201dsolu\u0163iile nu au fost stabilite\u201d.<\/p>\n<p>\u201dAcest tip de decizie nu a fost luat\u0103. Le vom defini \u00eempreun\u0103\u201d, a declarat el.<\/p>\n<p>\u201dMunca pe care o avem de f\u0103cut va dura s\u0103pt\u0103m\u00e2ni, poate p\u00e2n\u0103 la dou\u0103 luni, \u00een vederea redesen\u0103rii modului \u00een care \u0163ara noastr\u0103 \u00ee\u015fi va mobiliza mijloacele \u00een serviciul acestor dou\u0103 obiective (&#8230;), ap\u0103rarea, pe de o parte, \u015fi rea\u015fezarea felului nostru de a tr\u0103i \u00eempreun\u0103\u201d, pe de alt\u0103 parte, a declarat el.<\/p>\n<p>Fran\u00e7ois Bayrou vrea s\u0103 \u201dsolu\u0163ioneze \u00een acela\u015fi timp\u201d o cre\u015ftere a cheltuielilor militare \u015fi o reform\u0103 statului, \u201df\u0103r\u0103 s\u0103 lase deoparte\u201d, de exemplu, Educa\u0163ia.<\/p>\n<p>El \u015fi-a exprimat joi voin\u0163a de a acorda \u201dprioritate\u201d ap\u0103r\u0103rii, \u201df\u0103r\u0103 a abandona nimic\u201d din \u201dmodelul social\u201d.<\/p>\n<p>\u00cen acest sens, el a reiterat c\u0103 vrea \u201ds\u0103 evalueze\u201d fiecare dontre misiunile statului \u015fi \u201ds\u0103 pun\u0103 utilizatorii \u00een situa\u0163ie de deciden\u0163i\u201d.<\/p>\n<p>\u201dVom inversa procesul\u201d, iar \u201dutilizatorii vor avea dreptul s\u0103 spun\u0103 \u00abdar linia vostr\u0103 401 la ce serve\u015fte?\u00bb\u201d.<\/p>\n<p>\u00cen contextul \u00een care Franb\u0163a se afl\u0103 \u00een privin\u0163a \u00eendator\u0103rii \u015fi deficitului printre cei mai slabi elevi ai Uniunii Europene (UE), premierul a avertizat c\u0103 \u201dnu putem l\u0103sa finan\u0163ele publice \u00een stare de paragin\u0103, \u00een starea de dezechilibru \u00een care se afl\u0103\u201d.<\/p>\n<p>\u201dREFORME, OP\u0162IUNI\u201d<\/p>\n<p>Guvernul se love\u015fte din nou, dup\u0103 bugetul pe 2025 a fost abia adoptat, cu greu, de ceea ce Emmanuel Macron a prezentat drept \u201damenin\u0163area\u201d Rusiei, care cere o re\u00eenarmare a Fran\u0163ei, f\u0103r\u0103 o sl\u0103bire \u015fi mai mare a finan\u0163elor publice deja sleite.<\/p>\n<p>\u00centr-un avertisment televizat cu privire la \u201dpericolele\u201d pe care le reprezint\u0103 o apropiere \u00eentre Moscova \u015fi Washington, pre\u015fedintele francez a sugerat c\u0103 pe francezi \u00eei a\u015fteapt\u0103 un nou efort bugetar, \u00een vederea unor \u201dreforme, op\u0163iuni, curaj\u201d.<\/p>\n<p>Emmanuel Macron consider\u0103 c\u0103 este necesar ca europenii s\u0103-\u015fi creasc\u0103 bugetul ap\u0103r\u0103rii la 3% sau 3,5% din PIB, \u00een contextul \u00een care acesta este \u00een prezent \u00een Fran\u0163a de 2%.<\/p>\n<p>Este vorba despre aproximativ 30 de miliarde de euo pe an, care constituie o provocare pentru Guvern, av\u00e2nd \u00een vedere constr\u00e2ngerile asupra finan\u0163elor publice.<\/p>\n<p>El vrea s\u0103 exclud\u0103 o cre\u015ftere a deficitului public \u00eentr-o Fran\u0163\u0103 criticat\u0103 de Bruxelles din cauza unor derapaje, \u00een care mini\u015ftrilor li se cere s\u0103-\u015fi supravegheze strict cheltuielile, pentru ca s\u0103 \u0163in\u0103 cont de o sc\u0103dere a deficitului la 5,4% din PIB \u00een 2025, de la 6% \u00een 2024.<\/p>\n<p>Spre deosebire, Germania, \u00eentr-un viraj major, prevede s\u0103 deblocheze sute de miliarde de euro \u00een vederea re\u00eenarm\u0103rii sale.<\/p>","protected":false},"excerpt":{"rendered":"<p>\u201eDac\u0103 nu vezi c\u0103 acest lucru este un factor destabilizator al \u00eentregii vie\u0163i pe planet\u0103,&hellip;<\/p>\n","protected":false},"author":0,"featured_media":37682,"comment_status":"open","ping_status":"open","sticky":false,"template":"","format":"standard","meta":{"footnotes":""},"categories":[2],"tags":[],"class_list":["post-37708","post","type-post","status-publish","format-standard","has-post-thumbnail","hentry","category-actual"],"_links":{"self":[{"href":"https:\/\/247stiri.ro\/index.php\/wp-json\/wp\/v2\/posts\/37708","targetHints":{"allow":["GET"]}}],"collection":[{"href":"https:\/\/247stiri.ro\/index.php\/wp-json\/wp\/v2\/posts"}],"about":[{"href":"https:\/\/247stiri.ro\/index.php\/wp-json\/wp\/v2\/types\/post"}],"replies":[{"embeddable":true,"href":"https:\/\/247stiri.ro\/index.php\/wp-json\/wp\/v2\/comments?post=37708"}],"version-history":[{"count":0,"href":"https:\/\/247stiri.ro\/index.php\/wp-json\/wp\/v2\/posts\/37708\/revisions"}],"wp:featuredmedia":[{"embeddable":true,"href":"https:\/\/247stiri.ro\/index.php\/wp-json\/wp\/v2\/media\/37682"}],"wp:attachment":[{"href":"https:\/\/247stiri.ro\/index.php\/wp-json\/wp\/v2\/media?parent=37708"}],"wp:term":[{"taxonomy":"category","embeddable":true,"href":"https:\/\/247stiri.ro\/index.php\/wp-json\/wp\/v2\/categories?post=37708"},{"taxonomy":"post_tag","embeddable":true,"href":"https:\/\/247stiri.ro\/index.php\/wp-json\/wp\/v2\/tags?post=37708"}],"curies":[{"name":"wp","href":"https:\/\/api.w.org\/{rel}","templated":true}]}}