{"id":37715,"date":"2025-03-07T17:44:47","date_gmt":"2025-03-07T17:44:47","guid":{"rendered":"https:\/\/247stiri.ro\/index.php\/2025\/03\/07\/accident-grav-in-arges-un-barbat-a-murit-iar-o-femeie-a-fost-ranita-fiind-transportata-la-spital\/"},"modified":"2025-03-07T17:44:47","modified_gmt":"2025-03-07T17:44:47","slug":"accident-grav-in-arges-un-barbat-a-murit-iar-o-femeie-a-fost-ranita-fiind-transportata-la-spital","status":"publish","type":"post","link":"https:\/\/247stiri.ro\/index.php\/2025\/03\/07\/accident-grav-in-arges-un-barbat-a-murit-iar-o-femeie-a-fost-ranita-fiind-transportata-la-spital\/","title":{"rendered":"Accident grav \u00een Arge\u0219. Un b\u0103rbat a murit, iar o femeie a fost r\u0103nit\u0103, fiind transportat\u0103 la spital"},"content":{"rendered":"<p>\u201dAccident rutier \u00een care sunt implicate dou\u0103 autoturisme produs \u00een comuna M\u0103lureni. Intervin pompierii de la Deta\u015famentul Pite\u015fti cu o autospecial\u0103 de stingere, o autospecial\u0103 de descarcerare, al\u0103turi de dou\u0103 echipaje SAJ. La sosirea for\u0163elor de interven\u0163ie, \u00een cele dou\u0103 autoturisme au fost identificate dou\u0103 persoane \u00eencarcerate\u201d, a transmis, vineri sear\u0103, ISU Arge\u015f.<\/p>\n<p>Sursa citat\u0103 a precizat c\u0103 pompierii au efectuat manevre pentru extragerea \u015fi predarea acestora echipajelor medicale, prezente la fa\u0163a locului.<\/p>\n<p>\u201dParamedicii SMURD au preluat \u015fi transport\u0103 la spital o persoan\u0103 de sex feminin, \u00een v\u00e2rst\u0103 de aproximativ 53 de ani. Din nefericire, \u00een ciuda eforturilor cadrelor medicale, pentru cea de-a doua victim\u0103 nu s-a mai putut face nimic, fiind declarat decesul. Este vorba despre o persoan\u0103 de sex masculin, \u00een\u00a0 v\u00e2rst\u0103 de aproximativ 37 de ani\u201d, a mai transmis sursa citat\u0103.<\/p>\n<p>Pompierii mai asigur\u0103 \u015fi m\u0103suri specifice de prevenire a incendiilor.<\/p>","protected":false},"excerpt":{"rendered":"<p>\u201dAccident rutier \u00een care sunt implicate dou\u0103 autoturisme produs \u00een comuna M\u0103lureni. Intervin pompierii de&hellip;<\/p>\n","protected":false},"author":0,"featured_media":37716,"comment_status":"open","ping_status":"open","sticky":false,"template":"","format":"standard","meta":{"footnotes":""},"categories":[2],"tags":[],"class_list":["post-37715","post","type-post","status-publish","format-standard","has-post-thumbnail","hentry","category-actual"],"_links":{"self":[{"href":"https:\/\/247stiri.ro\/index.php\/wp-json\/wp\/v2\/posts\/37715","targetHints":{"allow":["GET"]}}],"collection":[{"href":"https:\/\/247stiri.ro\/index.php\/wp-json\/wp\/v2\/posts"}],"about":[{"href":"https:\/\/247stiri.ro\/index.php\/wp-json\/wp\/v2\/types\/post"}],"replies":[{"embeddable":true,"href":"https:\/\/247stiri.ro\/index.php\/wp-json\/wp\/v2\/comments?post=37715"}],"version-history":[{"count":0,"href":"https:\/\/247stiri.ro\/index.php\/wp-json\/wp\/v2\/posts\/37715\/revisions"}],"wp:featuredmedia":[{"embeddable":true,"href":"https:\/\/247stiri.ro\/index.php\/wp-json\/wp\/v2\/media\/37716"}],"wp:attachment":[{"href":"https:\/\/247stiri.ro\/index.php\/wp-json\/wp\/v2\/media?parent=37715"}],"wp:term":[{"taxonomy":"category","embeddable":true,"href":"https:\/\/247stiri.ro\/index.php\/wp-json\/wp\/v2\/categories?post=37715"},{"taxonomy":"post_tag","embeddable":true,"href":"https:\/\/247stiri.ro\/index.php\/wp-json\/wp\/v2\/tags?post=37715"}],"curies":[{"name":"wp","href":"https:\/\/api.w.org\/{rel}","templated":true}]}}