{"id":37734,"date":"2025-03-07T19:45:44","date_gmt":"2025-03-07T19:45:44","guid":{"rendered":"https:\/\/247stiri.ro\/index.php\/2025\/03\/07\/jaf-in-bucuresti-trei-barbati-au-dat-o-spargere-intr-o-locuinta-din-sectorul-2-unul-dintre-ei-agresand-personele-gasite-in-apartament-politia-i-a-prins-doar-pe-doi-dintre-agresori\/"},"modified":"2025-03-07T19:45:44","modified_gmt":"2025-03-07T19:45:44","slug":"jaf-in-bucuresti-trei-barbati-au-dat-o-spargere-intr-o-locuinta-din-sectorul-2-unul-dintre-ei-agresand-personele-gasite-in-apartament-politia-i-a-prins-doar-pe-doi-dintre-agresori","status":"publish","type":"post","link":"https:\/\/247stiri.ro\/index.php\/2025\/03\/07\/jaf-in-bucuresti-trei-barbati-au-dat-o-spargere-intr-o-locuinta-din-sectorul-2-unul-dintre-ei-agresand-personele-gasite-in-apartament-politia-i-a-prins-doar-pe-doi-dintre-agresori\/","title":{"rendered":"Jaf \u00een Bucure\u0219ti. Trei b\u0103rba\u0163i au dat o spargere \u00eentr-o locuin\u0163\u0103 din Sectorul 2, unul dintre ei agres\u00e2nd personele g\u0103site \u00een apartament. Poli\u021bia i-a prins doar pe doi dintre agresori"},"content":{"rendered":"<p>\u201dAst\u0103zi, 7 martie 2025, poli\u0163i\u015fti din cadrul Direc\u0163iei Generale de Poli\u0163ie a Municipiului Bucure\u015fti &#8211; Serviciul de Investiga\u0163ii Criminale Sector 2 au depistat \u015fi re\u0163inut doi b\u0103rba\u0163i, \u00een v\u00e2rst\u0103 de 35 de ani, \u00eentr-un dosar penal privind s\u0103v\u00e2r\u015firea infrac\u0163iunilor de furt calificat \u015fi t\u00e2lh\u0103rie calificat\u0103\u201d, anun\u0163\u0103, vineri sear\u0103, Poli\u0163ia Capitalei.<\/p>\n<p>Institu\u0163ia a precizat c\u0103 ancheta a pornit \u00een 12 februarie, c\u00e2nd poli\u0163i\u015ftii Capitalei au fost sesiza\u0163i cu privire la faptul c\u0103 trei b\u0103rba\u0163i, prin for\u0163area unui oblon exterior al unei ferestre, au p\u0103truns \u00een interiorul unui imobil din Sectorul 2, ar fi sustras mai multe bunuri \u015fi sume de bani.<\/p>\n<p>\u201dDe asemenea, unul dintre b\u0103nui\u0163i ar fi exercitat de acte de violen\u0163\u0103 asupra a dou\u0103 persoane, care se aflau \u00een interiorul locuin\u0163ei. Prejudiciul a fost estimat la aproximativ 1.000 de lei. \u00cen urma cercet\u0103rilor efectuate au fost identifica\u0163i trei b\u0103rba\u0163i, doi \u00een v\u00e2rst\u0103 de 35 de ani \u015fi unul \u00een v\u00e2rst\u0103 de 30 de ani\u201d, a precizat Poli\u0163ia Capitalei.<\/p>\n<p>Cei doi b\u0103rba\u0163i de 35 de ani au fost depista\u0163i \u00een trafic, \u00een timp ce se aflau \u00eentr-un autoturism.<\/p>\n<p>\u201dAstfel, poli\u0163i\u015ftii din cadrul Serviciului de Investiga\u0163ii Criminale Sector 2 au efectuat soma\u0163ia legal\u0103, \u00een vederea opririi regulamentare a autoturismului, \u00eens\u0103 conducatorul autoturismului a ignorat semnalele \u015fi a continuat deplasarea, pun\u00e2nd astfel \u00een pericol siguran\u0163a celorlal\u0163i participan\u0163i la trafic. Poli\u0163i\u015ftii din cadrul structurii au reu\u015fit s\u0103 blocheze autoturismul, \u00eempiedic\u00e2ndu-l astfel s\u0103-\u015fi continue deplasarea. B\u0103rba\u0163ii \u00een cauz\u0103 au fost imobiliza\u0163i cu respectarea dispozi\u0163iilor legale \u015fi condu\u015fi la sediul Serviciului de Investiga\u0163ii Criminale Sector 2, \u00een vederea audierii\u201d, a mai transmis Poli\u0163ia Capitalei.<\/p>","protected":false},"excerpt":{"rendered":"<p>\u201dAst\u0103zi, 7 martie 2025, poli\u0163i\u015fti din cadrul Direc\u0163iei Generale de Poli\u0163ie a Municipiului Bucure\u015fti &#8211;&hellip;<\/p>\n","protected":false},"author":0,"featured_media":37735,"comment_status":"open","ping_status":"open","sticky":false,"template":"","format":"standard","meta":{"footnotes":""},"categories":[2],"tags":[],"class_list":["post-37734","post","type-post","status-publish","format-standard","has-post-thumbnail","hentry","category-actual"],"_links":{"self":[{"href":"https:\/\/247stiri.ro\/index.php\/wp-json\/wp\/v2\/posts\/37734","targetHints":{"allow":["GET"]}}],"collection":[{"href":"https:\/\/247stiri.ro\/index.php\/wp-json\/wp\/v2\/posts"}],"about":[{"href":"https:\/\/247stiri.ro\/index.php\/wp-json\/wp\/v2\/types\/post"}],"replies":[{"embeddable":true,"href":"https:\/\/247stiri.ro\/index.php\/wp-json\/wp\/v2\/comments?post=37734"}],"version-history":[{"count":0,"href":"https:\/\/247stiri.ro\/index.php\/wp-json\/wp\/v2\/posts\/37734\/revisions"}],"wp:featuredmedia":[{"embeddable":true,"href":"https:\/\/247stiri.ro\/index.php\/wp-json\/wp\/v2\/media\/37735"}],"wp:attachment":[{"href":"https:\/\/247stiri.ro\/index.php\/wp-json\/wp\/v2\/media?parent=37734"}],"wp:term":[{"taxonomy":"category","embeddable":true,"href":"https:\/\/247stiri.ro\/index.php\/wp-json\/wp\/v2\/categories?post=37734"},{"taxonomy":"post_tag","embeddable":true,"href":"https:\/\/247stiri.ro\/index.php\/wp-json\/wp\/v2\/tags?post=37734"}],"curies":[{"name":"wp","href":"https:\/\/api.w.org\/{rel}","templated":true}]}}