{"id":37754,"date":"2025-03-07T21:44:56","date_gmt":"2025-03-07T21:44:56","guid":{"rendered":"https:\/\/247stiri.ro\/index.php\/2025\/03\/07\/ministrul-educatiei-despre-folosirea-telefoanelor-in-scoli-este-interzis-lucrurile-astea-sunt-reglementate\/"},"modified":"2025-03-07T21:44:56","modified_gmt":"2025-03-07T21:44:56","slug":"ministrul-educatiei-despre-folosirea-telefoanelor-in-scoli-este-interzis-lucrurile-astea-sunt-reglementate","status":"publish","type":"post","link":"https:\/\/247stiri.ro\/index.php\/2025\/03\/07\/ministrul-educatiei-despre-folosirea-telefoanelor-in-scoli-este-interzis-lucrurile-astea-sunt-reglementate\/","title":{"rendered":"Ministrul Educa\u0163iei, despre folosirea telefoanelor \u00een \u015fcoli: \u201eEste interzis. Lucrurile astea sunt reglementate\u201d"},"content":{"rendered":"<p>Acestea trebuie, \u00eens\u0103, \u015fi implementate, spune ministrul, care adaug\u0103 c\u0103 nu se poate duce el s\u0103 verifice dac\u0103 \u00een fiecare \u015fcoal\u0103 copiii las\u0103 telefoanele la intrarea \u00een sala de clas\u0103. \u201dHai s\u0103 ne asum\u0103m responsabilitatea, fiindc\u0103 nu po\u0163i da o lege ca s\u0103 respecti o lege\u201d, a declarat Daniel David.<\/p>\n<p>Daniel David a fost \u00eentrebat, vineri sear\u0103, dac\u0103 are \u00een vedere modific\u0103ri \u00een ceea ce prive\u015fte utilizarea telefoanelor \u00een \u015fcioal\u0103 \u015fi a r\u0103spuns: \u201dLucrurile sunt foarte clare, doar p\u0103rin\u0163ii uit\u0103 c\u0103 lucrurile sunt clare \u015fi profesorii uit\u0103 c\u0103 lucrurile sunt clare. \u015ei fiecare dup\u0103 aceea vine \u015fi \u00eel \u00eentreab\u0103 pe ministru \u00abce vre\u0163i s\u0103 face\u0163i\u00bb. Nu mai am ce s\u0103 fac. Lucrurile sunt foarte clare. Exist\u0103 o lege, dincolo de lege exist\u0103 o hot\u0103r\u00e2re de guvern, dincolo de hot\u0103r\u00e2rea de guvern exist\u0103 ordin de ministru, ai toate nivelurile pe care le dore\u015fti, care \u0163i se spune c\u0103 telefonul \u015fi conectarea la telefon nu pot fi utilizate \u00een timpul activit\u0103\u0163ii educa\u0163ionale dec\u00e2t cu acordul profesorilor. Altfel spus, \u00een timp ce sunt la clas\u0103, la ora de matematic\u0103, fizic\u0103, chimie, nu am voie s\u0103 folosesc telefonul dec\u00e2t dac\u0103 profesorul \u00eemi spune cei care ave\u0163i telefon pute\u0163i face calculele, nu \u015ftiu, pe telefon sau v\u0103 pute\u0163i conecta la nu \u015ftiu ce site pentru a face nu \u015ftiu ce exerci\u0163iu. Altfel este interzis\u201d.<\/p>\n<p>Ministrul afirm\u0103 c\u0103 \u201dfiecare \u015fcoal\u0103 ar trebui s\u0103 ia m\u0103suri, c\u00e2nd intri la sala de clas\u0103, nu \u015ftiu, s\u0103-\u0163i la\u015fi telefoanele, de exemplu, la intrare, \u00eentr-un sertar, \u00eentr-un dulap \u015fi dup\u0103 aceea \u0163i-l po\u0163i lua eventual \u00een pauz\u0103\u201d.<\/p>\n<p>\u201dDar lucrurile astea sunt reglementate, doar c\u0103 trebuie \u015fi aplicate. Ori eu am spus de foarte multe ori c\u0103 trebuie s\u0103 ne asum\u0103m responsabilitatea. Nu pot to\u0163i s\u0103 se a\u015ftepte c\u0103 ministru va merge \u015fi o s\u0103 pun\u0103 dulapuri \u00een fiecare sal\u0103 de clas\u0103 sau o s\u0103 verifice ce se \u00eent\u00e2mpl\u0103 mii de \u015fcoli cu telefoanele. Hai s\u0103 ne asum\u0103m responsabilitatea, fiindc\u0103 nu po\u0163i da o lege ca s\u0103 respecti o lege. E foarte important lucrul \u0103sta. Deci cu telefoanele nu mai avem ce s\u0103 discut\u0103m. Exist\u0103 p\u00e2rghile necesare. Nici m\u0103car p\u00e2rghii, exist\u0103 reglement\u0103ri foarte clare. \u015ei am spus inspectorilor \u015fi directorilor s\u0103 se asigure c\u0103 se implementeaz\u0103 legisla\u0163ia\u201d, a ad\u0103ugat Daniel David.<\/p>\n<p>Acesta crede c\u0103 \u015fi p\u0103rin\u0163ii ar trebui s\u0103 fie implica\u0163i: \u201d\u015ei \u00een acela\u015fi timp, p\u0103rin\u0163ii nu cred c\u0103 ar trebui s\u0103 fie foarte \u00eenc\u00e2nta\u0163i \u015fi mul\u0163umi\u0163i c\u00e2nd \u00ee\u015fi v\u0103d copiii c\u0103 la ora de matematic\u0103 sau la ora de istorie sunt conecta\u0163i pe TikTok \u015fi fac alte lucruri dec\u00e2t ar trebui s\u0103 fac\u0103\u201d.<\/p>\n<p>\u00a0<\/p>\n<p>\u00a0<\/p>","protected":false},"excerpt":{"rendered":"<p>Acestea trebuie, \u00eens\u0103, \u015fi implementate, spune ministrul, care adaug\u0103 c\u0103 nu se poate duce el&hellip;<\/p>\n","protected":false},"author":0,"featured_media":37755,"comment_status":"open","ping_status":"open","sticky":false,"template":"","format":"standard","meta":{"footnotes":""},"categories":[2],"tags":[],"class_list":["post-37754","post","type-post","status-publish","format-standard","has-post-thumbnail","hentry","category-actual"],"_links":{"self":[{"href":"https:\/\/247stiri.ro\/index.php\/wp-json\/wp\/v2\/posts\/37754","targetHints":{"allow":["GET"]}}],"collection":[{"href":"https:\/\/247stiri.ro\/index.php\/wp-json\/wp\/v2\/posts"}],"about":[{"href":"https:\/\/247stiri.ro\/index.php\/wp-json\/wp\/v2\/types\/post"}],"replies":[{"embeddable":true,"href":"https:\/\/247stiri.ro\/index.php\/wp-json\/wp\/v2\/comments?post=37754"}],"version-history":[{"count":0,"href":"https:\/\/247stiri.ro\/index.php\/wp-json\/wp\/v2\/posts\/37754\/revisions"}],"wp:featuredmedia":[{"embeddable":true,"href":"https:\/\/247stiri.ro\/index.php\/wp-json\/wp\/v2\/media\/37755"}],"wp:attachment":[{"href":"https:\/\/247stiri.ro\/index.php\/wp-json\/wp\/v2\/media?parent=37754"}],"wp:term":[{"taxonomy":"category","embeddable":true,"href":"https:\/\/247stiri.ro\/index.php\/wp-json\/wp\/v2\/categories?post=37754"},{"taxonomy":"post_tag","embeddable":true,"href":"https:\/\/247stiri.ro\/index.php\/wp-json\/wp\/v2\/tags?post=37754"}],"curies":[{"name":"wp","href":"https:\/\/api.w.org\/{rel}","templated":true}]}}