{"id":37757,"date":"2025-03-07T21:44:57","date_gmt":"2025-03-07T21:44:57","guid":{"rendered":"https:\/\/247stiri.ro\/index.php\/2025\/03\/07\/cum-trebuie-sa-arate-un-absolvent-de-liceu-in-opinia-lui-daniel-david-un-bun-specialist-poti-sa-intri-direct-pe-piata-muncii-sa-fie-un-bun-cetatean-protector-al-democratiei\/"},"modified":"2025-03-07T21:44:57","modified_gmt":"2025-03-07T21:44:57","slug":"cum-trebuie-sa-arate-un-absolvent-de-liceu-in-opinia-lui-daniel-david-un-bun-specialist-poti-sa-intri-direct-pe-piata-muncii-sa-fie-un-bun-cetatean-protector-al-democratiei","status":"publish","type":"post","link":"https:\/\/247stiri.ro\/index.php\/2025\/03\/07\/cum-trebuie-sa-arate-un-absolvent-de-liceu-in-opinia-lui-daniel-david-un-bun-specialist-poti-sa-intri-direct-pe-piata-muncii-sa-fie-un-bun-cetatean-protector-al-democratiei\/","title":{"rendered":"Cum trebuie s\u0103 arate un absolvent de liceu, \u00een opinia lui Daniel David: Un bun specialist, po\u0163i s\u0103 intri direct pe pia\u0163a muncii, s\u0103 fie un bun cet\u0103\u0163ean &#8211; protector al democra\u0163iei"},"content":{"rendered":"<p>Daniel David a fost \u00eentrebat, vineri sear\u0103, la un post TV, cum ar trebuie s\u0103 fie un avsolvent de liceu \u015fi a afirmat: \u201dUn absolvent trebuie s\u0103 fie un bun specialist, pentru c\u0103, dup\u0103 liceu, spre exemplu, po\u0163i s\u0103 intri direct pe pia\u0163a muncii (\u2026) Trebuie s\u0103 fie un bun cet\u0103\u0163ean, pentru mine un bun cet\u0103\u0163ean \u00eenseamn\u0103 un cet\u0103\u0163ean rom\u00e2n, protector al democra\u0163iei \u015fi trebuie s\u0103 fie un om echilibrat psihologic, mul\u0163umit de propria via\u0163\u0103, cu o calitate bun\u0103 a vie\u0163ii. A\u015fa ar trebui s\u0103 \u0163intim \u00een educa\u0163ie \u015fi asta ar trebui s\u0103 \u00eencerc\u0103m s\u0103 facem pentru a avea un absolvent a\u015fa cum \u00eel dorim\u201d.<\/p>\n<p>Ministrul a explicat c\u0103 \u201dabsolventul nu trebuie s\u0103 fie doar specialist, f\u0103r\u0103 s\u0103 fie \u015fi bun cet\u0103\u0163ean sau un om echilibrat, nici un bun cet\u0103\u0163ean, dar care s\u0103 nu poat\u0103 s\u0103 fie integrat pe pia\u0163a muncii sau s\u0103 nu fie capabil s\u0103 continue studiile \u015fi nici specialist sau bun cet\u0103\u0163ean care s\u0103 fie mereu \u00eentr-o stare de instabilitate psihologic\u0103\u201d.<\/p>\n<p>\u201dDe aceea vrem s\u0103 schimb\u0103m planurile cadru, astfel \u00eenc\u00e2t s\u0103 avem discipline, s\u0103 avem un echilibru \u00eentre \u015ftiin\u0163e \u015fi religie, \u00eentre discipline legate de cultura na\u0163ional\u0103 \u015fi discipline legate de preg\u0103tirea pentru via\u0163\u0103. \u015ei atunci, dac\u0103 reu\u015fim s\u0103 \u0163inem acest echilibru, vom avea acel profil\u201d, a mai declarat ministrul.<\/p>\n<p>Acesta a precizat c\u0103 a avut \u00een minte aceste deziderate c\u00e2nd a preg\u0103tit planurile-cadru pentru liceu.<\/p>\n<p>\u201dDup\u0103 ce avem disciplinele, va trebui s\u0103 lucr\u0103m la con\u0163inuturi fiindc\u0103 noi uneori avem o problem\u0103. De\u015fi avem con\u0163inuturi ca s\u0103 spun a\u015fa, numeroase, complexe, complicate pe alocuri, nu reu\u015fim s\u0103 le transfer\u0103m bine \u00een mintea \u015fi \u00een comportamentul copiilor sub form\u0103 a unor competen\u0163e, pentru c\u0103 nu suntem aten\u0163i la sedimentarea lucrurilor \u00eenv\u0103\u0163ate, la aspecte remediale \u015fi la modul \u00een care lucrurile pe care le \u00eenv\u0103\u0163\u0103m pot fi utilizate \u00een via\u0163a de zi cu zi\u201d, a mai declarat ministrul Educa\u0163iei.<\/p>","protected":false},"excerpt":{"rendered":"<p>Daniel David a fost \u00eentrebat, vineri sear\u0103, la un post TV, cum ar trebuie s\u0103&hellip;<\/p>\n","protected":false},"author":0,"featured_media":37753,"comment_status":"open","ping_status":"open","sticky":false,"template":"","format":"standard","meta":{"footnotes":""},"categories":[2],"tags":[],"class_list":["post-37757","post","type-post","status-publish","format-standard","has-post-thumbnail","hentry","category-actual"],"_links":{"self":[{"href":"https:\/\/247stiri.ro\/index.php\/wp-json\/wp\/v2\/posts\/37757","targetHints":{"allow":["GET"]}}],"collection":[{"href":"https:\/\/247stiri.ro\/index.php\/wp-json\/wp\/v2\/posts"}],"about":[{"href":"https:\/\/247stiri.ro\/index.php\/wp-json\/wp\/v2\/types\/post"}],"replies":[{"embeddable":true,"href":"https:\/\/247stiri.ro\/index.php\/wp-json\/wp\/v2\/comments?post=37757"}],"version-history":[{"count":0,"href":"https:\/\/247stiri.ro\/index.php\/wp-json\/wp\/v2\/posts\/37757\/revisions"}],"wp:featuredmedia":[{"embeddable":true,"href":"https:\/\/247stiri.ro\/index.php\/wp-json\/wp\/v2\/media\/37753"}],"wp:attachment":[{"href":"https:\/\/247stiri.ro\/index.php\/wp-json\/wp\/v2\/media?parent=37757"}],"wp:term":[{"taxonomy":"category","embeddable":true,"href":"https:\/\/247stiri.ro\/index.php\/wp-json\/wp\/v2\/categories?post=37757"},{"taxonomy":"post_tag","embeddable":true,"href":"https:\/\/247stiri.ro\/index.php\/wp-json\/wp\/v2\/tags?post=37757"}],"curies":[{"name":"wp","href":"https:\/\/api.w.org\/{rel}","templated":true}]}}