{"id":37776,"date":"2025-03-08T07:45:28","date_gmt":"2025-03-08T07:45:28","guid":{"rendered":"https:\/\/247stiri.ro\/index.php\/2025\/03\/08\/temperaturi-de-inceput-de-vara-in-ziua-de-8-martie-in-ce-zone-ale-tarii-termometrul-trece-de-20-de-grade\/"},"modified":"2025-03-08T07:45:28","modified_gmt":"2025-03-08T07:45:28","slug":"temperaturi-de-inceput-de-vara-in-ziua-de-8-martie-in-ce-zone-ale-tarii-termometrul-trece-de-20-de-grade","status":"publish","type":"post","link":"https:\/\/247stiri.ro\/index.php\/2025\/03\/08\/temperaturi-de-inceput-de-vara-in-ziua-de-8-martie-in-ce-zone-ale-tarii-termometrul-trece-de-20-de-grade\/","title":{"rendered":"Temperaturi de \u00eenceput de var\u0103 \u00een ziua de 8 Martie. \u00cen ce zone ale \u021b\u0103rii termometrul trece de 20 de grade"},"content":{"rendered":"<p>V\u00e2ntul bate mai tare \u00een sudul Banatului, iar maximele pornesc de la 13 grade pe litoral \u0219i \u00een depresiuni \u0219i ajung la 21-22 de grade \u00een \u021binuturile vestice.<\/p>\n<p>\u00cen Dobrogea \u0219i B\u0103r\u0103gan urmeaz\u0103 o zi \u00eensorit\u0103 \u0219i o amiaz\u0103 foarte pl\u0103cut\u0103, cu temperaturi ridicate, care ajung la 19&#8230;20 de grade. \u00cen sudul litoralului o s\u0103 fie mai r\u0103coare \u0219i se vor \u00eenregistra \u00een jur de 13 grade.<\/p>\n<p>Mai sus, \u00een Moldova sudic\u0103 \u0219i \u00een nordul Munteniei cerul se p\u0103streaz\u0103 curat toat\u0103 ziua \u0219i atmosfera se \u00eenc\u0103lze\u0219te sim\u021bitor dup\u0103 pr\u00e2nz. V\u00e2ntul r\u0103m\u00e2ne domol, iar temperaturile urc\u0103 \u0219i aici p\u00e2n\u0103 la 19&#8230;20 de grade.<\/p>\n<p class=\"selectable-text copyable-text x15bjb6t x1n2onr6\">La fel o s\u0103 fie \u0219i \u00een jum\u0103tatea nordic\u0103 a Moldovei \u0219i \u00een Bucovina: vreme surprinz\u0103tor de cald\u0103 pentru aceast\u0103 perioad\u0103, soare, c\u00e2\u021biva nori \u0219i maxime de p\u00e2n\u0103 la 20 de grade. Diminea\u021ba este destul de rece, cu temperaturi negative \u00een unele zone.<\/p>\n<p class=\"selectable-text copyable-text x15bjb6t x1n2onr6\">\u0218i \u00een nordul Transilvaniei \u0219i \u00een Maramure\u0219 este cam frig la \u00eenceputul zilei, dar amiaza ne-aduce vreme mult mai cald\u0103 dec\u00e2t ar fi normal. Va domina atmosfera cu soare, iar \u00een Maramure\u0219 se ating chiar \u0219i 21 de grade.<\/p>\n<p class=\"selectable-text copyable-text x15bjb6t x1n2onr6\">\u0218i \u00een vestul Rom\u00e2niei o s\u0103 fie foarte cald, iar temperaturile ar putea urca la fel de mult ca vineri, c\u00e2nd s-au apropiat de 25 de grade. V\u00e2ntul va avea intensific\u0103ri \u00een sudul Banatului.<\/p>\n<p class=\"selectable-text copyable-text x15bjb6t x1n2onr6\">\u00cen Transilvania este frig la \u00eenceputul zilei, \u00een special \u00een depresiuni, pe unde a ap\u0103rut \u0219i un pic de cea\u021b\u0103. Apoi soarele \u00eenc\u0103lze\u0219te rapid atmosfera \u0219i maximele ajung la 17&#8230;18 grade. Vineri s-au \u00eenregistrat 22 de grade \u00een aceast\u0103 regiune.<\/p>\n<p class=\"selectable-text copyable-text x15bjb6t x1n2onr6\">\u00cen Oltenia se anun\u021b\u0103 \u00eenc\u0103 o zi superb\u0103, cu soare, v\u00e2nt domol \u0219i c\u00e2\u021biva nori de vreme bun\u0103. Atmosfera devine foarte pl\u0103cut\u0103 dup\u0103 orele pr\u00e2nzului. Temperaturile urc\u0103 p\u00e2n\u0103 la 20 de grade.<\/p>\n<p class=\"selectable-text copyable-text x15bjb6t x1n2onr6\">Vremea r\u0103m\u00e2n\u0103 foarte cald\u0103 \u0219i \u00een \u021binuturile sudice. Nu prea vedem norii, iar amiaza aduce valori mai potrivite pentru final de Aprilie \u0219i p\u00e2n\u0103 la 20 de grade \u00een Lunca Dun\u0103rii.<\/p>\n<p class=\"selectable-text copyable-text x15bjb6t x1n2onr6\">Vremea \u00een Bucure\u0219ti<\/p>\n<p class=\"selectable-text copyable-text x15bjb6t x1n2onr6\">\u00cen Bucure\u0219ti atmosfera se men\u021bine \u00eensorit\u0103 toat\u0103 ziua. V\u00e2ntul devine un pic mai activ \u0219i maxima ajunge la 20 de grade. La noapte se vor \u00eenregistra 2 grade \u00een centru, dar la marginea ora\u0219ului o s\u0103 fie mai frig: temperatura va cobori p\u00e2n\u0103 la -2 grade.<\/p>\n<p class=\"selectable-text copyable-text x15bjb6t x1n2onr6\">Vremea la munte<\/p>\n<p class=\"selectable-text copyable-text x15bjb6t x1n2onr6\">La munte g\u0103sim tot vreme bun\u0103, soare, c\u00e2\u021biva nori \u0219i temperaturi neobi\u0219nuit de mari pentru data din calendar. V\u00e2ntul sufl\u0103 destul de tare \u00een Mun\u021bii Banatului. Stratul de z\u0103pad\u0103 din sta\u021biunile montane continu\u0103 s\u0103 scad\u0103.<\/p>","protected":false},"excerpt":{"rendered":"<p>V\u00e2ntul bate mai tare \u00een sudul Banatului, iar maximele pornesc de la 13 grade pe&hellip;<\/p>\n","protected":false},"author":0,"featured_media":37777,"comment_status":"open","ping_status":"open","sticky":false,"template":"","format":"standard","meta":{"footnotes":""},"categories":[2],"tags":[],"class_list":["post-37776","post","type-post","status-publish","format-standard","has-post-thumbnail","hentry","category-actual"],"_links":{"self":[{"href":"https:\/\/247stiri.ro\/index.php\/wp-json\/wp\/v2\/posts\/37776","targetHints":{"allow":["GET"]}}],"collection":[{"href":"https:\/\/247stiri.ro\/index.php\/wp-json\/wp\/v2\/posts"}],"about":[{"href":"https:\/\/247stiri.ro\/index.php\/wp-json\/wp\/v2\/types\/post"}],"replies":[{"embeddable":true,"href":"https:\/\/247stiri.ro\/index.php\/wp-json\/wp\/v2\/comments?post=37776"}],"version-history":[{"count":0,"href":"https:\/\/247stiri.ro\/index.php\/wp-json\/wp\/v2\/posts\/37776\/revisions"}],"wp:featuredmedia":[{"embeddable":true,"href":"https:\/\/247stiri.ro\/index.php\/wp-json\/wp\/v2\/media\/37777"}],"wp:attachment":[{"href":"https:\/\/247stiri.ro\/index.php\/wp-json\/wp\/v2\/media?parent=37776"}],"wp:term":[{"taxonomy":"category","embeddable":true,"href":"https:\/\/247stiri.ro\/index.php\/wp-json\/wp\/v2\/categories?post=37776"},{"taxonomy":"post_tag","embeddable":true,"href":"https:\/\/247stiri.ro\/index.php\/wp-json\/wp\/v2\/tags?post=37776"}],"curies":[{"name":"wp","href":"https:\/\/api.w.org\/{rel}","templated":true}]}}