{"id":37791,"date":"2025-03-08T09:45:10","date_gmt":"2025-03-08T09:45:10","guid":{"rendered":"https:\/\/247stiri.ro\/index.php\/2025\/03\/08\/individul-care-a-batut-doi-politisti-locali-la-un-concert-al-lui-babasha-condamnat-cu-executare-video\/"},"modified":"2025-03-08T09:45:10","modified_gmt":"2025-03-08T09:45:10","slug":"individul-care-a-batut-doi-politisti-locali-la-un-concert-al-lui-babasha-condamnat-cu-executare-video","status":"publish","type":"post","link":"https:\/\/247stiri.ro\/index.php\/2025\/03\/08\/individul-care-a-batut-doi-politisti-locali-la-un-concert-al-lui-babasha-condamnat-cu-executare-video\/","title":{"rendered":"Individul care a b\u0103tut doi poli\u0163i\u015fti locali la un concert al lui Babasha, condamnat cu executare &#8211; VIDEO"},"content":{"rendered":"<p>Condamn\u0103 pe inculpatul P C A, \u2026, la pedeapsa principal\u0103 de 3 ani \u00eenchisoare pentru s\u0103v\u00e2r\u015firea infrac\u0163iunii de ultraj (fapta din data de 16.08.2024 \u2013 persoan\u0103 v\u0103t\u0103mat\u0103 C M). \u00cen temeiul art. 193 alin. (2), alin. (2 indice 1) lit. c) CP, cu aplic. art. 396 alin.1, alin.2 \u015fi alin.10 C.proc.pen., condamn\u0103 pe inculpatul P C A, \u2026, la pedeapsa principal\u0103 de 2 ani \u00eenchisoare pentru s\u0103v\u00e2r\u015firea infrac\u0163iunii de lovire sau alte violen\u0163e (fapta din data de 16.08.2024 \u2013 persoan\u0103 v\u0103t\u0103mat\u0103 P E). <\/p>\n<p>\u00cen temeiul art. 371 alin. (2) CP, cu aplic. art. 396 alin.1, alin.2 \u015fi alin.10 C.proc.pen., condamn\u0103 pe inculpatul P C A, \u2026, la pedeapsa principal\u0103 de 1 an \u015fi 6 luni \u00eenchisoare pentru s\u0103v\u00e2r\u015firea infrac\u0163iunii de tulburarea ordinii \u015fi lini\u015ftii publice (fapta din data de 16.08.2024 ). \u00cen temeiul art. 38 alin. 1 C.pen., constat\u0103 existen\u0163a concursului de infrac\u021biuni \u00eentre faptele deduse judec\u0103\u021bii. \u00cen temeiul art. 39 alin. (1) lit. b) Cod.pen. contope\u015fte pedepsele \u015fi aplic\u0103 inculpatului pedeapsa cea mai grea de 3 ani \u00eenchisoare, la care adaug\u0103 un spor de o treime din celelalte pedeapse stabilite , respectiv 1 an \u015fi 2 luni \u00eenchisoare, urm\u00e2nd ca, \u00een final, inculpatul P C A s\u0103 execute pedeapsa rezultant\u0103 de 4 ani \u015fi 2 luni \u00eenchisoare\u201e, potrivit\u00a0<a href=\"https:\/\/portal.just.ro\/256\/SitePages\/Dosar.aspx?id_dosar=25600000000181074&amp;id_inst=256\">minutei judec\u0103tore\u015fti. <\/a>citat\u0103 de <a href=\"https:\/\/focuspress.ro\/video-individul-care-a-batut-doi-politisti-locali-la-concertul-lui-babasha-din-cernavoda-condamnat-cu-executare-urmeaza-apelul\/\" target=\"_blank\">Focus Press.<\/a><\/p>","protected":false},"excerpt":{"rendered":"<p>Condamn\u0103 pe inculpatul P C A, \u2026, la pedeapsa principal\u0103 de 3 ani \u00eenchisoare pentru&hellip;<\/p>\n","protected":false},"author":0,"featured_media":37792,"comment_status":"open","ping_status":"open","sticky":false,"template":"","format":"standard","meta":{"footnotes":""},"categories":[2],"tags":[],"class_list":["post-37791","post","type-post","status-publish","format-standard","has-post-thumbnail","hentry","category-actual"],"_links":{"self":[{"href":"https:\/\/247stiri.ro\/index.php\/wp-json\/wp\/v2\/posts\/37791","targetHints":{"allow":["GET"]}}],"collection":[{"href":"https:\/\/247stiri.ro\/index.php\/wp-json\/wp\/v2\/posts"}],"about":[{"href":"https:\/\/247stiri.ro\/index.php\/wp-json\/wp\/v2\/types\/post"}],"replies":[{"embeddable":true,"href":"https:\/\/247stiri.ro\/index.php\/wp-json\/wp\/v2\/comments?post=37791"}],"version-history":[{"count":0,"href":"https:\/\/247stiri.ro\/index.php\/wp-json\/wp\/v2\/posts\/37791\/revisions"}],"wp:featuredmedia":[{"embeddable":true,"href":"https:\/\/247stiri.ro\/index.php\/wp-json\/wp\/v2\/media\/37792"}],"wp:attachment":[{"href":"https:\/\/247stiri.ro\/index.php\/wp-json\/wp\/v2\/media?parent=37791"}],"wp:term":[{"taxonomy":"category","embeddable":true,"href":"https:\/\/247stiri.ro\/index.php\/wp-json\/wp\/v2\/categories?post=37791"},{"taxonomy":"post_tag","embeddable":true,"href":"https:\/\/247stiri.ro\/index.php\/wp-json\/wp\/v2\/tags?post=37791"}],"curies":[{"name":"wp","href":"https:\/\/api.w.org\/{rel}","templated":true}]}}