{"id":37797,"date":"2025-03-08T10:44:47","date_gmt":"2025-03-08T10:44:47","guid":{"rendered":"https:\/\/247stiri.ro\/index.php\/2025\/03\/08\/alerta-de-praf-saharian-deasupra-romaniei-la-inceputul-saptamanii-viitoare-ce-recomandari-face-anm\/"},"modified":"2025-03-08T10:44:47","modified_gmt":"2025-03-08T10:44:47","slug":"alerta-de-praf-saharian-deasupra-romaniei-la-inceputul-saptamanii-viitoare-ce-recomandari-face-anm","status":"publish","type":"post","link":"https:\/\/247stiri.ro\/index.php\/2025\/03\/08\/alerta-de-praf-saharian-deasupra-romaniei-la-inceputul-saptamanii-viitoare-ce-recomandari-face-anm\/","title":{"rendered":"Alert\u0103 de PRAF SAHARIAN deasupra Rom\u00e2niei la \u00eenceputul s\u0103pt\u0103m\u00e2nii viitoare. Ce recomand\u0103ri face ANM?"},"content":{"rendered":"<p>Potrivit meteorologilor, fenomenul este generat de mi\u0219carea maselor de aer cald.<\/p>\n<p>Vineri a fost cea mai c\u0103lduroas\u0103 zi de 7 martie din ultimii 65 de ani, cu maxime de 25 grade \u00een mai multe zone din vestul \u021b\u0103rii. Potrivit ANM, \u0219i \u00een acest weekend temperaturile vor continua s\u0103 fie mai mari dec\u00e2t cele specifice perioadei.<\/p>\n<p>Anul trecut, primul val de praf saharian a ajuns deasupra Rom\u00e2niei la finalul lunii martie, iar \u00een 2023 s-a produs \u00een februarie.<\/p>\n<p><a title=\"Praf saharian peste Romania. Zonele lovite de de ploi sangerii, murdare, si furtuni violente \" href=\"https:\/\/www.realitatea.net\/stiri\/actual\/praf-saharian-peste-romania-zonele-lovite-de-de-ploi-sangerii-murdare-si-furtuni-violente_6603eadb9fad626da37fca85\">Praf saharian peste Rom\u00e2nia. Zonele lovite de de ploi s\u00e2ngerii, murdare, \u0219i furtuni violente<\/a><\/p>\n<p><a title=\"Primul val de praf saharian in Europa din 2023 - Cand traverseaza Romania - Zonele unde va fi aer irespirabil\" href=\"https:\/\/www.realitatea.net\/stiri\/actual\/primul-val-de-praf-saharian-in-europa-din-2023-cand-traverseaza-romania-zonele-unde-va-fi-aer-irespirabil_63f5f9a6cc4c976a2b056542\">Primul val de praf saharian \u00een Europa din 2023 &#8211; C\u00e2nd traverseaz\u0103 Rom\u00e2nia &#8211; Zonele unde va fi aer irespirabil<\/a><\/p>","protected":false},"excerpt":{"rendered":"<p>Potrivit meteorologilor, fenomenul este generat de mi\u0219carea maselor de aer cald. Vineri a fost cea&hellip;<\/p>\n","protected":false},"author":0,"featured_media":37798,"comment_status":"open","ping_status":"open","sticky":false,"template":"","format":"standard","meta":{"footnotes":""},"categories":[2],"tags":[],"class_list":["post-37797","post","type-post","status-publish","format-standard","has-post-thumbnail","hentry","category-actual"],"_links":{"self":[{"href":"https:\/\/247stiri.ro\/index.php\/wp-json\/wp\/v2\/posts\/37797","targetHints":{"allow":["GET"]}}],"collection":[{"href":"https:\/\/247stiri.ro\/index.php\/wp-json\/wp\/v2\/posts"}],"about":[{"href":"https:\/\/247stiri.ro\/index.php\/wp-json\/wp\/v2\/types\/post"}],"replies":[{"embeddable":true,"href":"https:\/\/247stiri.ro\/index.php\/wp-json\/wp\/v2\/comments?post=37797"}],"version-history":[{"count":0,"href":"https:\/\/247stiri.ro\/index.php\/wp-json\/wp\/v2\/posts\/37797\/revisions"}],"wp:featuredmedia":[{"embeddable":true,"href":"https:\/\/247stiri.ro\/index.php\/wp-json\/wp\/v2\/media\/37798"}],"wp:attachment":[{"href":"https:\/\/247stiri.ro\/index.php\/wp-json\/wp\/v2\/media?parent=37797"}],"wp:term":[{"taxonomy":"category","embeddable":true,"href":"https:\/\/247stiri.ro\/index.php\/wp-json\/wp\/v2\/categories?post=37797"},{"taxonomy":"post_tag","embeddable":true,"href":"https:\/\/247stiri.ro\/index.php\/wp-json\/wp\/v2\/tags?post=37797"}],"curies":[{"name":"wp","href":"https:\/\/api.w.org\/{rel}","templated":true}]}}