{"id":37802,"date":"2025-03-08T11:45:42","date_gmt":"2025-03-08T11:45:42","guid":{"rendered":"https:\/\/247stiri.ro\/index.php\/2025\/03\/08\/donald-trump-ar-putea-muta-trupe-amerciane-din-germania-in-ungaria-condusa-de-prietenul-sau-viktor-orban\/"},"modified":"2025-03-08T11:45:42","modified_gmt":"2025-03-08T11:45:42","slug":"donald-trump-ar-putea-muta-trupe-amerciane-din-germania-in-ungaria-condusa-de-prietenul-sau-viktor-orban","status":"publish","type":"post","link":"https:\/\/247stiri.ro\/index.php\/2025\/03\/08\/donald-trump-ar-putea-muta-trupe-amerciane-din-germania-in-ungaria-condusa-de-prietenul-sau-viktor-orban\/","title":{"rendered":"Donald Trump ar putea muta trupe amerciane din Germania \u00een Ungaria, condus\u0103 de prietenul s\u0103u Viktor Orban"},"content":{"rendered":"<p>Aproximativ 35.000 de militari activi ar putea fi reloca\u021bi din Germania, \u00eentr-o mi\u0219care care ar tensiona \u0219i mai mult rela\u021biile dintre SUA \u0219i Europa. Surse apropiate administra\u021biei americane au declarat pentru The Telegraph c\u0103 Trump devine tot mai frustrat de faptul c\u0103 Europa \u201epare s\u0103 \u00eemping\u0103 spre r\u0103zboi\u201d.<\/p>\n<p>Pe de alt\u0103 parte, potrivit The Telegraph, nu poate fi trecut\u0103 rela\u021bie apropiat\u0103 a lui Viktor Orban \u0219i a Ungarie cu Vladimir Putin \u0219i Rusia.<\/p>\n<p>\u00cen prezent, circa 160.000 de militari americani activi sunt sta\u021biona\u021bi \u00een afara Statelor Unite, o mare parte dintre ace\u0219tia afl\u00e2ndu-se \u00een Germania.<\/p>\n<p>\u201eDe\u0219i nu este iminent\u0103 nicio anun\u021bare specific\u0103, armata SUA ia mereu \u00een considerare redeplasarea trupelor \u00een \u00eentreaga lume pentru a aborda cel mai bine amenin\u021b\u0103rile actuale la adresa intereselor noastre\u201d, a declarat Brian Hughes, purt\u0103tor de cuv\u00e2nt pentru securitatea na\u021bional\u0103 a SUA.<\/p>\n<p>\u00a0<\/p>","protected":false},"excerpt":{"rendered":"<p>Aproximativ 35.000 de militari activi ar putea fi reloca\u021bi din Germania, \u00eentr-o mi\u0219care care ar&hellip;<\/p>\n","protected":false},"author":0,"featured_media":37803,"comment_status":"open","ping_status":"open","sticky":false,"template":"","format":"standard","meta":{"footnotes":""},"categories":[4],"tags":[],"class_list":["post-37802","post","type-post","status-publish","format-standard","has-post-thumbnail","hentry","category-extern"],"_links":{"self":[{"href":"https:\/\/247stiri.ro\/index.php\/wp-json\/wp\/v2\/posts\/37802","targetHints":{"allow":["GET"]}}],"collection":[{"href":"https:\/\/247stiri.ro\/index.php\/wp-json\/wp\/v2\/posts"}],"about":[{"href":"https:\/\/247stiri.ro\/index.php\/wp-json\/wp\/v2\/types\/post"}],"replies":[{"embeddable":true,"href":"https:\/\/247stiri.ro\/index.php\/wp-json\/wp\/v2\/comments?post=37802"}],"version-history":[{"count":0,"href":"https:\/\/247stiri.ro\/index.php\/wp-json\/wp\/v2\/posts\/37802\/revisions"}],"wp:featuredmedia":[{"embeddable":true,"href":"https:\/\/247stiri.ro\/index.php\/wp-json\/wp\/v2\/media\/37803"}],"wp:attachment":[{"href":"https:\/\/247stiri.ro\/index.php\/wp-json\/wp\/v2\/media?parent=37802"}],"wp:term":[{"taxonomy":"category","embeddable":true,"href":"https:\/\/247stiri.ro\/index.php\/wp-json\/wp\/v2\/categories?post=37802"},{"taxonomy":"post_tag","embeddable":true,"href":"https:\/\/247stiri.ro\/index.php\/wp-json\/wp\/v2\/tags?post=37802"}],"curies":[{"name":"wp","href":"https:\/\/api.w.org\/{rel}","templated":true}]}}