{"id":37808,"date":"2025-03-08T11:45:45","date_gmt":"2025-03-08T11:45:45","guid":{"rendered":"https:\/\/247stiri.ro\/index.php\/2025\/03\/08\/nicusor-dan-vrea-sa-devina-presedinte-pe-model-traian-basescu\/"},"modified":"2025-03-08T11:45:45","modified_gmt":"2025-03-08T11:45:45","slug":"nicusor-dan-vrea-sa-devina-presedinte-pe-model-traian-basescu","status":"publish","type":"post","link":"https:\/\/247stiri.ro\/index.php\/2025\/03\/08\/nicusor-dan-vrea-sa-devina-presedinte-pe-model-traian-basescu\/","title":{"rendered":"Nicu\u0219or Dan vrea s\u0103 devin\u0103 pre\u0219edinte pe model Traian B\u0103sescu"},"content":{"rendered":"<p>Sunt foarte multe controverse \u00een acest sens, deoarece mul\u021bi bucure\u0219teni sunt nemul\u021bumi\u021bi de faptul c\u0103 Nicu\u0219or Dan are alte planuri politice \u0219i nu \u0219i-a \u00eendeplinit promisiunile pe care le-a f\u0103cut atunci c\u00e2nd a solicitat un al doilea mandate la \u0219efia Prim\u0103riei generale a Capitatei, potrivit Realitatea Plus.<\/p>\n<p>Astfel, Nicu\u0219or Dan intr\u0103 \u00een campania electoral\u0103, la fel ca Traian B\u0103sescu \u00een urm\u0103 cu mi bine de 20 de ani, din func\u021bia de primar general, a doua cea mai important\u0103 func\u021bie dup\u0103 cea de pre\u0219edinte al Rom\u00e2niei.<\/p>\n<p>Dac\u0103 \u00een trecut actualul edil spunea c\u0103 se g\u00e2nde\u0219te la o eventual\u0103 candidatur\u0103 abia \u00een 2029, la finalul unii decembrie a aulu trecut s-a r\u0103zg\u00e2ndit \u0219i a anun\u021bat c\u0103 va candida, invoc\u00e2nd faptul c\u0103 oamenii sunt dezam\u0103gi\u021bi de actuala clas\u0103 politic\u0103.Un discurs asem\u0103n\u0103tor a avut \u0219i Traian B\u0103sescu, folosind tot tema anticorup\u021bie pentru a-\u0219i justifica decizia de a candida la cea mai \u00eenalt\u0103 func\u021bie in stat.<\/p>\n<p>Nicu\u0219or Dan are \u00een preajma chiar \u0219i o serie de politicieni care i-au fost l\u0103turi \u0219i lui Traian B\u0103sescu, grupa\u021bi acum \u00een forma\u021biunile PMP \u0219i For\u021ba Dreptei.<\/p>","protected":false},"excerpt":{"rendered":"<p>Sunt foarte multe controverse \u00een acest sens, deoarece mul\u021bi bucure\u0219teni sunt nemul\u021bumi\u021bi de faptul c\u0103&hellip;<\/p>\n","protected":false},"author":0,"featured_media":37805,"comment_status":"open","ping_status":"open","sticky":false,"template":"","format":"standard","meta":{"footnotes":""},"categories":[2],"tags":[],"class_list":["post-37808","post","type-post","status-publish","format-standard","has-post-thumbnail","hentry","category-actual"],"_links":{"self":[{"href":"https:\/\/247stiri.ro\/index.php\/wp-json\/wp\/v2\/posts\/37808","targetHints":{"allow":["GET"]}}],"collection":[{"href":"https:\/\/247stiri.ro\/index.php\/wp-json\/wp\/v2\/posts"}],"about":[{"href":"https:\/\/247stiri.ro\/index.php\/wp-json\/wp\/v2\/types\/post"}],"replies":[{"embeddable":true,"href":"https:\/\/247stiri.ro\/index.php\/wp-json\/wp\/v2\/comments?post=37808"}],"version-history":[{"count":0,"href":"https:\/\/247stiri.ro\/index.php\/wp-json\/wp\/v2\/posts\/37808\/revisions"}],"wp:featuredmedia":[{"embeddable":true,"href":"https:\/\/247stiri.ro\/index.php\/wp-json\/wp\/v2\/media\/37805"}],"wp:attachment":[{"href":"https:\/\/247stiri.ro\/index.php\/wp-json\/wp\/v2\/media?parent=37808"}],"wp:term":[{"taxonomy":"category","embeddable":true,"href":"https:\/\/247stiri.ro\/index.php\/wp-json\/wp\/v2\/categories?post=37808"},{"taxonomy":"post_tag","embeddable":true,"href":"https:\/\/247stiri.ro\/index.php\/wp-json\/wp\/v2\/tags?post=37808"}],"curies":[{"name":"wp","href":"https:\/\/api.w.org\/{rel}","templated":true}]}}