{"id":37810,"date":"2025-03-08T12:45:04","date_gmt":"2025-03-08T12:45:04","guid":{"rendered":"https:\/\/247stiri.ro\/index.php\/2025\/03\/08\/care-au-fost-ultimele-previziuni-astrologice-facute-de-celebra-minerva-inainte-sa-moara\/"},"modified":"2025-03-08T12:45:04","modified_gmt":"2025-03-08T12:45:04","slug":"care-au-fost-ultimele-previziuni-astrologice-facute-de-celebra-minerva-inainte-sa-moara","status":"publish","type":"post","link":"https:\/\/247stiri.ro\/index.php\/2025\/03\/08\/care-au-fost-ultimele-previziuni-astrologice-facute-de-celebra-minerva-inainte-sa-moara\/","title":{"rendered":"Care au fost ultimele previziuni astrologice f\u0103cute de celebra Minerva, \u00eenainte s\u0103 moar\u0103?"},"content":{"rendered":"<p class=\"selectable-text copyable-text x15bjb6t x1n2onr6\">\u00cen urm\u0103 cu c\u00e2teva s\u0103pt\u0103m\u00e2ni, la ultima apari\u021bie \u00eentr-o emisiune TV, regreta Minerva a dezv\u0103luit ce zodii au \u0219anse s\u0103 dea lovitura anul acesta.<\/p>\n<p class=\"selectable-text copyable-text x15bjb6t x1n2onr6\">Potrivit previziunilor f\u0103cute de Minerva, ace\u0219ti nativi vor avea un an greu, cu multe \u00eencerc\u0103ri pe care trebuie s\u0103 le treac\u0103.<\/p>\n<p class=\"selectable-text copyable-text x15bjb6t x1n2onr6\">Nativii zodiei Pe\u0219ti vor pierde o sum\u0103 important\u0103 de bani \u00een anul 2025, a\u0219a c\u0103 trebuie s\u0103 fie foarte aten\u021bi la felul \u00een care \u00ee\u0219i gestioneaz\u0103 resursele financiare. Ei vor avea multe dificult\u0103\u021bi pe acest plan, iar din acest motiv vor trece prin momente complicate.<\/p>\n<p><a href=\"https:\/\/www.realitatea.net\/stiri\/actual\/boala-necrutatoare-care-ia-adus-sfarsitul-astroloagei-minerva-putini-stiau-despre-problemele-sale-de-sanatate_67caf588d7df7b0c70124932\" target=\"_blank\">Boala necru\u021b\u0103toare care i-a adus sf\u00e2r\u0219itul astroloagei Minerva. Pu\u021bini \u0219tiau despre problemele sale de s\u0103n\u0103tate<\/a><\/p>","protected":false},"excerpt":{"rendered":"<p>\u00cen urm\u0103 cu c\u00e2teva s\u0103pt\u0103m\u00e2ni, la ultima apari\u021bie \u00eentr-o emisiune TV, regreta Minerva a dezv\u0103luit&hellip;<\/p>\n","protected":false},"author":0,"featured_media":37811,"comment_status":"open","ping_status":"open","sticky":false,"template":"","format":"standard","meta":{"footnotes":""},"categories":[8],"tags":[],"class_list":["post-37810","post","type-post","status-publish","format-standard","has-post-thumbnail","hentry","category-lifestyle"],"_links":{"self":[{"href":"https:\/\/247stiri.ro\/index.php\/wp-json\/wp\/v2\/posts\/37810","targetHints":{"allow":["GET"]}}],"collection":[{"href":"https:\/\/247stiri.ro\/index.php\/wp-json\/wp\/v2\/posts"}],"about":[{"href":"https:\/\/247stiri.ro\/index.php\/wp-json\/wp\/v2\/types\/post"}],"replies":[{"embeddable":true,"href":"https:\/\/247stiri.ro\/index.php\/wp-json\/wp\/v2\/comments?post=37810"}],"version-history":[{"count":0,"href":"https:\/\/247stiri.ro\/index.php\/wp-json\/wp\/v2\/posts\/37810\/revisions"}],"wp:featuredmedia":[{"embeddable":true,"href":"https:\/\/247stiri.ro\/index.php\/wp-json\/wp\/v2\/media\/37811"}],"wp:attachment":[{"href":"https:\/\/247stiri.ro\/index.php\/wp-json\/wp\/v2\/media?parent=37810"}],"wp:term":[{"taxonomy":"category","embeddable":true,"href":"https:\/\/247stiri.ro\/index.php\/wp-json\/wp\/v2\/categories?post=37810"},{"taxonomy":"post_tag","embeddable":true,"href":"https:\/\/247stiri.ro\/index.php\/wp-json\/wp\/v2\/tags?post=37810"}],"curies":[{"name":"wp","href":"https:\/\/api.w.org\/{rel}","templated":true}]}}