{"id":37817,"date":"2025-03-08T12:45:09","date_gmt":"2025-03-08T12:45:09","guid":{"rendered":"https:\/\/247stiri.ro\/index.php\/2025\/03\/08\/au-reinceput-incendiile-de-vegetatie-din-caras-severin-ministerul-apararii-nationale-intervine-cu-avioane-spartan\/"},"modified":"2025-03-08T12:45:09","modified_gmt":"2025-03-08T12:45:09","slug":"au-reinceput-incendiile-de-vegetatie-din-caras-severin-ministerul-apararii-nationale-intervine-cu-avioane-spartan","status":"publish","type":"post","link":"https:\/\/247stiri.ro\/index.php\/2025\/03\/08\/au-reinceput-incendiile-de-vegetatie-din-caras-severin-ministerul-apararii-nationale-intervine-cu-avioane-spartan\/","title":{"rendered":"Au re\u00eenceput incendiile de vegeta\u021bie din Cara\u0219 Severin. Ministerul Ap\u0103r\u0103rii Na\u021bionale intervine cu avioane Spartan"},"content":{"rendered":"<p>Aeronava C-27J Spartan a executat, p\u00e2n\u0103 la acest moment, dou\u0103 misiuni cu decolare din Baza 90 Transport Aerian, \u00een cadrul c\u0103rora a lansat c\u00e2te 5.000 de litri de ap\u0103 la \u00a0fiecare trecere la verticala zonei afectate de incendii. Misiunile de sprijin vor continua, \u00een func\u021bie de solicit\u0103ri \u0219i de situa\u021bia din teren.<\/p>\n<p>Interven\u021biile se desf\u0103\u015foar\u0103 la solicitarea Departamentului pentru Situa\u0163ii de Urgen\u0163\u0103, av\u00e2nd \u00een vedere c\u0103 exist\u0103 riscul de propagare la alte suprafe\u0163e de p\u0103dure.<\/p>\n<p>La sol, \u00een perioada 7-8 martie, militari ai Batalionului 26 Cercetare Supraveghere Montan\u0103 \u201eAvram Iancu\u201d din Brad au fost solicita\u021bi \u00een sprijin de c\u0103tre autorit\u0103\u021bile publice locale \u0219i Sec\u021bia de pompieri Brad pentru localizarea \u0219i stingerea unui incendiu de vegeta\u021bie uscat\u0103 \u00een proximitatea comunei Buce\u0219-Vulcan, jude\u021bul Hunedoara.\u00a0<\/p>\n<p>O subunitate de interven\u021bie, special destinat\u0103 \u00een acest sens, ac\u021bioneaz\u0103 la fa\u021ba locului cu tehnica \u0219i mijloacele din dotare.<\/p>\n<p>For\u021bele Aeriene Rom\u00e2ne, cu aeronave C-27 J Spartan, au ac\u021bionat, din 2017 \u0219i p\u00e2n\u0103 \u00een prezent, pentru stingerea incendiilor de p\u0103dure din \u021bara noastr\u0103 \u0219i au executat misiuni similare \u00een Fran\u021ba, Republica Slovenia, Grecia \u0219i Macedonia de Nord.\u00cen solidar, Ministerul Ap\u0103r\u0103rii Na\u021bionale a trimis \u0219i trimite \u00een sprijin militari \u0219i tehnic\u0103 pentru localizarea \u0219i stingerea incendiilor, precum \u0219i pentru limitarea efectelor acestora.<\/p>","protected":false},"excerpt":{"rendered":"<p>Aeronava C-27J Spartan a executat, p\u00e2n\u0103 la acest moment, dou\u0103 misiuni cu decolare din Baza&hellip;<\/p>\n","protected":false},"author":0,"featured_media":37818,"comment_status":"open","ping_status":"open","sticky":false,"template":"","format":"standard","meta":{"footnotes":""},"categories":[2],"tags":[],"class_list":["post-37817","post","type-post","status-publish","format-standard","has-post-thumbnail","hentry","category-actual"],"_links":{"self":[{"href":"https:\/\/247stiri.ro\/index.php\/wp-json\/wp\/v2\/posts\/37817","targetHints":{"allow":["GET"]}}],"collection":[{"href":"https:\/\/247stiri.ro\/index.php\/wp-json\/wp\/v2\/posts"}],"about":[{"href":"https:\/\/247stiri.ro\/index.php\/wp-json\/wp\/v2\/types\/post"}],"replies":[{"embeddable":true,"href":"https:\/\/247stiri.ro\/index.php\/wp-json\/wp\/v2\/comments?post=37817"}],"version-history":[{"count":0,"href":"https:\/\/247stiri.ro\/index.php\/wp-json\/wp\/v2\/posts\/37817\/revisions"}],"wp:featuredmedia":[{"embeddable":true,"href":"https:\/\/247stiri.ro\/index.php\/wp-json\/wp\/v2\/media\/37818"}],"wp:attachment":[{"href":"https:\/\/247stiri.ro\/index.php\/wp-json\/wp\/v2\/media?parent=37817"}],"wp:term":[{"taxonomy":"category","embeddable":true,"href":"https:\/\/247stiri.ro\/index.php\/wp-json\/wp\/v2\/categories?post=37817"},{"taxonomy":"post_tag","embeddable":true,"href":"https:\/\/247stiri.ro\/index.php\/wp-json\/wp\/v2\/tags?post=37817"}],"curies":[{"name":"wp","href":"https:\/\/api.w.org\/{rel}","templated":true}]}}