{"id":37829,"date":"2025-03-08T14:45:49","date_gmt":"2025-03-08T14:45:49","guid":{"rendered":"https:\/\/247stiri.ro\/index.php\/2025\/03\/08\/ungaria-se-descurca-negociaza-un-acord-cu-americanii-pentru-a-reduce-din-efectele-tarifelor-sua-pentru-ue\/"},"modified":"2025-03-08T14:45:49","modified_gmt":"2025-03-08T14:45:49","slug":"ungaria-se-descurca-negociaza-un-acord-cu-americanii-pentru-a-reduce-din-efectele-tarifelor-sua-pentru-ue","status":"publish","type":"post","link":"https:\/\/247stiri.ro\/index.php\/2025\/03\/08\/ungaria-se-descurca-negociaza-un-acord-cu-americanii-pentru-a-reduce-din-efectele-tarifelor-sua-pentru-ue\/","title":{"rendered":"Ungaria se descurc\u0103! Negociaz\u0103 un acord cu americanii pentru a reduce din efectele tarifelor SUA pentru UE"},"content":{"rendered":"<p>Ungaria\u00a0\u0219i Statele Unite ale Americii vor conveni asupra unui pachet de cooperare economic\u0103 ce va ajuta economia\u00a0ungar\u0103 \u0219i ar putea compensa efectul unor posibile tarife americane, a declarat s\u00e2mb\u0103t\u0103 premierul\u00a0Viktor Orban.<\/p>\n<p>Orban, un sus\u021bin\u0103tor al pre\u0219edintelui american Donald Trump, a spus c\u0103 pachetul economic va extinde alian\u021ba politic\u0103 deja existent\u0103 \u00eentre Ungaria \u0219i Statele Unite.<\/p>\n<p>Premierul ungar a afirmat c\u0103 un astfel de acord economic ar ajuta Ungaria chiar \u0219i \u00een cazul izbucnirii unui r\u0103zboi comercial \u00eentre SUA \u0219i Uniunea European\u0103.<\/p>\n<p>\u201eUngaria va suferi pierderi (\u00eentr-un r\u0103zboi comercial), la fel ca toate statele membre ale Uniunii Europene. Nu cunoa\u0219tem \u00eenc\u0103 amploarea acestuia, dar putem fi siguri c\u0103 se va \u00eent\u00e2mpla\u201d, a declarat Orban la conferin\u021ba anual\u0103 a Camerei Ungare de Comer\u021b \u0219i Industrie, potrivit Reuters.<\/p>\n<p>Oficialii maghiari negociaz\u0103 deja re\u00eennoirea unui tratat fiscal \u00eentre cele dou\u0103 \u021b\u0103ri, care a fost reziliat de precedenta administra\u021bie american\u0103, a declarat Orban.<\/p>\n<p>Pre\u0219edintele american Donald Trump a declarat s\u0103pt\u0103m\u00e2na trecut\u0103 c\u0103 administra\u021bia sa va anun\u021ba \u00een cur\u00e2nd un tarif de 25% pentru bunurile din UE.<\/p>","protected":false},"excerpt":{"rendered":"<p>Ungaria\u00a0\u0219i Statele Unite ale Americii vor conveni asupra unui pachet de cooperare economic\u0103 ce va&hellip;<\/p>\n","protected":false},"author":0,"featured_media":37824,"comment_status":"open","ping_status":"open","sticky":false,"template":"","format":"standard","meta":{"footnotes":""},"categories":[2],"tags":[],"class_list":["post-37829","post","type-post","status-publish","format-standard","has-post-thumbnail","hentry","category-actual"],"_links":{"self":[{"href":"https:\/\/247stiri.ro\/index.php\/wp-json\/wp\/v2\/posts\/37829","targetHints":{"allow":["GET"]}}],"collection":[{"href":"https:\/\/247stiri.ro\/index.php\/wp-json\/wp\/v2\/posts"}],"about":[{"href":"https:\/\/247stiri.ro\/index.php\/wp-json\/wp\/v2\/types\/post"}],"replies":[{"embeddable":true,"href":"https:\/\/247stiri.ro\/index.php\/wp-json\/wp\/v2\/comments?post=37829"}],"version-history":[{"count":0,"href":"https:\/\/247stiri.ro\/index.php\/wp-json\/wp\/v2\/posts\/37829\/revisions"}],"wp:featuredmedia":[{"embeddable":true,"href":"https:\/\/247stiri.ro\/index.php\/wp-json\/wp\/v2\/media\/37824"}],"wp:attachment":[{"href":"https:\/\/247stiri.ro\/index.php\/wp-json\/wp\/v2\/media?parent=37829"}],"wp:term":[{"taxonomy":"category","embeddable":true,"href":"https:\/\/247stiri.ro\/index.php\/wp-json\/wp\/v2\/categories?post=37829"},{"taxonomy":"post_tag","embeddable":true,"href":"https:\/\/247stiri.ro\/index.php\/wp-json\/wp\/v2\/tags?post=37829"}],"curies":[{"name":"wp","href":"https:\/\/api.w.org\/{rel}","templated":true}]}}