{"id":37831,"date":"2025-03-08T14:45:49","date_gmt":"2025-03-08T14:45:49","guid":{"rendered":"https:\/\/247stiri.ro\/index.php\/2025\/03\/08\/halucinant-un-barbat-de-21-de-ani-si-a-lasat-insarcinata-iubita-in-varsta-de-numai-12-ani\/"},"modified":"2025-03-08T14:45:49","modified_gmt":"2025-03-08T14:45:49","slug":"halucinant-un-barbat-de-21-de-ani-si-a-lasat-insarcinata-iubita-in-varsta-de-numai-12-ani","status":"publish","type":"post","link":"https:\/\/247stiri.ro\/index.php\/2025\/03\/08\/halucinant-un-barbat-de-21-de-ani-si-a-lasat-insarcinata-iubita-in-varsta-de-numai-12-ani\/","title":{"rendered":"Halucinant! Un b\u0103rbat de 21 de ani \u0219i-a l\u0103sat \u00eens\u0103rcinat\u0103 iubita \u00een v\u00e2rst\u0103 de numai 12 ani"},"content":{"rendered":"<p>Judec\u0103toria Chi\u0219ineu-Cri\u0219 a constatat legalitatea sesiz\u0103rii instan\u021bei prin rechizitoriul \u00eentocmit de Parchetul de pe l\u00e2ng\u0103 Judec\u0103toria Chi\u0219ineu-Cri\u0219 \u0219i a dispus \u00eenceperea judec\u0103\u021bii \u00een ceea ce \u00eel prive\u0219te pe M. Florin, un t\u00e2n\u0103r de 21 de ani acuzat de \u201epentru presupusa s\u0103v\u00e2r\u015fire a infrac\u0163iunii de viol \u00een form\u0103 continuat\u0103\u201d. \u00cen actul de sesizare se arat\u0103 c\u0103 t\u00e2n\u0103rul, \u201eprofit\u00e2nd de imposibilitatea persoanei v\u0103t\u0103mate de a-\u015fi exprima voin\u0163a din cauza v\u00e2rstei reduse, \u00een baza aceleia\u015fi rezolu\u0163ii infrac\u0163ionale \u015fi la diferite intervale de timp, a \u00eentre\u0163inut raporturi sexuale cu minora R.V.I., care, la v\u00e2rsta de 12 ani, a dat na\u015ftere unui copil\u201d.\u00a0Cei doi s-au cunoscut pe Facebook, \u00een 2020, c\u00e2nd fata avea 12 ani, \u00eent\u00e2lnindu-se apoi \u00een Chi\u0219ineu-Cri\u0219. \u201eI-a adus la cuno\u015ftin\u0163\u0103 \u00een cadrul discu\u0163iilor pe Facebook c\u0103 are 12 ani, dar acesta nu a spus nimic \u00een leg\u0103tur\u0103 cu v\u00e2rsta ei. El avea 21 de ani c\u00e2nd vorbeau pe Facebook\u201d, se arat\u0103 \u00een rechizitoriu.Cei doi au decis s\u0103 \u00eenceap\u0103 o rela\u021bie \u0219i s\u0103 se mute \u00eempreun\u0103. Bunicii fetei nu au fost de acord cu rela\u021bia, \u00eens\u0103 mama acesteia a acceptat-o. Astfel, cei doi s-au mutat \u00eempreun\u0103 \u00een casa t\u00e2n\u0103rului \u0219i \u201eAu \u00eentre\u0163inut primul raport sexual a doua zi dup\u0103 ce s-au mutat \u00eempreun\u0103. Din acea zi au continuat s\u0103 \u00eentre\u0163in\u0103 frecvent raporturi sexuale. \u00centre\u0163in\u00e2nd raporturi sexuale neprotejat, dup\u0103 3 sau 4 luni a r\u0103mas \u00eens\u0103rcinat\u0103, cam prin luna noiembrie sau decembrie a anului 2020\u201d, dup\u0103 declara\u021biile date de fat\u0103 \u00een fa\u021ba anchetatorilor. Aceasta a mai povestit c\u0103 cei doi \u0219i-au dorit s\u0103 p\u0103streze copilul pentru a \u00eentemeia o familie. \u00cen luna ianuarie 2024, fata a r\u0103mas din nou \u00eens\u0103rcinat\u0103, \u00eens\u0103 a pierdut copilul. \u00cen fa\u021ba anchetatorilor, fata a declarat c\u0103 \u201eNu dore\u015fte tragerea la r\u0103spundere penal\u0103 a t\u00e2n\u0103rului, \u00eel iube\u015fte, vrea s\u0103 le fie al\u0103turi, ei \u015fi copilului, av\u00e2nd \u00een vedere c\u0103 acesta ob\u0163ine un venit\u201d.\u00a0Tot \u00een fa\u021ba anchetatorilor, t\u00e2n\u0103rul a declarat c\u0103 \u201eDup\u0103 ce a mers la el acas\u0103 \u015fi mama sa a vrut s\u0103 \u00eei fac\u0103 domiciliul la ei, au observat c\u0103 fata nici certificat de na\u015ftere nu avea\u201d, recunosc\u00e2nd c\u0103 dup\u0103 ce s-au mutat \u00eempreun\u0103, au \u00eentre\u021binut rela\u021bii sexuale \u201eaproape zilnic\u201d, iar dup\u0103 aproximativ 8 luni de rela\u0163ie minora a r\u0103mas \u00eens\u0103rcinat\u0103. Audiat \u00een toamna anului trecut, t\u00e2n\u0103rul a declarat c\u0103 \u201e\u00een luna octombrie 2024, fata va face 16 ani \u015fi dup\u0103 aceast\u0103 dat\u0103 se vor c\u0103s\u0103tori\u201d.\u00a0Cu toate c\u0103 fata \u0219i mama acesteia sunt de acord cu rela\u021bia \u0219i nu vor tragerea la r\u0103spundere a t\u00e2n\u0103rului, raportul de expertiz\u0103 psihologic\u0103 \u00eentocmit de un psiholog clinician specialist arat\u0103 c\u0103 \u201eminorei \u00eei lipsea, la data comiterii faptei, capacitatea de a discerne, respectiv capacitatea psihic\u0103 de a-\u015fi da seama de caracterul \u015fi urm\u0103rile faptei pe care o s\u0103v\u00e2r\u015fe\u015fte \u015fi de a-\u015fi manifesta con\u015ftient voin\u0163a \u00een raport cu fapta respectiv\u0103\u201d, consider\u00e2nd astfel c\u0103 \u201eConsim\u0163\u0103m\u00e2ntul minorei nu a fost valid\u201d.<\/p>","protected":false},"excerpt":{"rendered":"<p>Judec\u0103toria Chi\u0219ineu-Cri\u0219 a constatat legalitatea sesiz\u0103rii instan\u021bei prin rechizitoriul \u00eentocmit de Parchetul de pe l\u00e2ng\u0103&hellip;<\/p>\n","protected":false},"author":0,"featured_media":37832,"comment_status":"open","ping_status":"open","sticky":false,"template":"","format":"standard","meta":{"footnotes":""},"categories":[2],"tags":[],"class_list":["post-37831","post","type-post","status-publish","format-standard","has-post-thumbnail","hentry","category-actual"],"_links":{"self":[{"href":"https:\/\/247stiri.ro\/index.php\/wp-json\/wp\/v2\/posts\/37831","targetHints":{"allow":["GET"]}}],"collection":[{"href":"https:\/\/247stiri.ro\/index.php\/wp-json\/wp\/v2\/posts"}],"about":[{"href":"https:\/\/247stiri.ro\/index.php\/wp-json\/wp\/v2\/types\/post"}],"replies":[{"embeddable":true,"href":"https:\/\/247stiri.ro\/index.php\/wp-json\/wp\/v2\/comments?post=37831"}],"version-history":[{"count":0,"href":"https:\/\/247stiri.ro\/index.php\/wp-json\/wp\/v2\/posts\/37831\/revisions"}],"wp:featuredmedia":[{"embeddable":true,"href":"https:\/\/247stiri.ro\/index.php\/wp-json\/wp\/v2\/media\/37832"}],"wp:attachment":[{"href":"https:\/\/247stiri.ro\/index.php\/wp-json\/wp\/v2\/media?parent=37831"}],"wp:term":[{"taxonomy":"category","embeddable":true,"href":"https:\/\/247stiri.ro\/index.php\/wp-json\/wp\/v2\/categories?post=37831"},{"taxonomy":"post_tag","embeddable":true,"href":"https:\/\/247stiri.ro\/index.php\/wp-json\/wp\/v2\/tags?post=37831"}],"curies":[{"name":"wp","href":"https:\/\/api.w.org\/{rel}","templated":true}]}}