{"id":37834,"date":"2025-03-08T14:45:50","date_gmt":"2025-03-08T14:45:50","guid":{"rendered":"https:\/\/247stiri.ro\/index.php\/2025\/03\/08\/tarom-nu-mai-zboara-luni-catre-germania-ce-optiuni-au-cei-care-si-au-luat-bilete\/"},"modified":"2025-03-08T14:45:50","modified_gmt":"2025-03-08T14:45:50","slug":"tarom-nu-mai-zboara-luni-catre-germania-ce-optiuni-au-cei-care-si-au-luat-bilete","status":"publish","type":"post","link":"https:\/\/247stiri.ro\/index.php\/2025\/03\/08\/tarom-nu-mai-zboara-luni-catre-germania-ce-optiuni-au-cei-care-si-au-luat-bilete\/","title":{"rendered":"TAROM nu mai zboar\u0103 luni c\u0103tre Germania. Ce op\u021biuni au cei care \u0219i-au luat bilete"},"content":{"rendered":"<p>\u201dGreva angaja\u0163ilor de pe aeroportul Frankfurt, din data de 10 martie va bloca opera\u0163iunile aeroportuare regulate. \u00a0Ac\u0163iunea, care va dura 24 de ore, conduce la anularea zborurilor TAROM programate pentru aceast\u0103 dat\u0103, respectiv zborul RO 305, Bucure\u015fti (OTP) \u2013 Frankfurt (FRA) \u015fi zborul RO 306, Frankfurt (FRA) \u2013 Bucure\u015fti (OTP), din data de 10 martie. Mesajul oficial comunicat direct pe site-ul aeroportului anun\u0163\u0103 c\u0103 sindicatul ver.di, \u00een care sunt angaja\u0163ii tarifari de la Fraport AG, inclusiv BVD, FraGround\/FGS, FraCares, FPS, Wisag, Swissport \u015fi AHS, a declarat o grev\u0103 de avertisment de o zi \u00eentreag\u0103 la Aeroportul Frankfurt pentru luni, 10 martie 2025\u201d, precizeaz\u0103 compania.<\/p>\n<p>Oficialii aeroportului comunic\u0103 faptul c\u0103, din cauza grevei, sunt a\u015fteptate perturb\u0103ri semnificative. Opera\u0163iunile aeroportuare regulate nu vor fi posibile. Companiile aeriene trebuie s\u0103 se a\u015ftepte ca pasagerii s\u0103 nu aib\u0103 acces la zborurile lor. Serviciile de handling pentru toate tipurile de zboruri (Pax, Cargo, GA) fie nu vor fi disponibile, fie vor fi furnizate doar ca servicii de urgen\u0163\u0103. Clien\u0163ii companiilor aeriene sunt sf\u0103tui\u0163i de urgen\u0163\u0103 s\u0103 \u00ee\u015fi ajusteze orarul zborurilor \u015fi s\u0103 evite zborurile spre \u015fi dinspre Frankfurt \u00een aceast\u0103 zi.<\/p>\n<p>\u201dPe fundalul situa\u0163iei generate independent de activitatea \u015fi de voin\u0163a operatorul aerian na\u0163ional, TAROM informeaz\u0103 publicul c\u0103l\u0103tor despre situa\u0163ie \u015fi rog\u0103 pasagerii de pe aceste zboruri s\u0103 se adreseze Call centerului TAROM \u015fi s\u0103 apeleze oricare din numerele de telefon: (004) 021 9978, (004) 0800 500 131 (TelVerde) sau (004) 0371 529 000 pentru a alege dintre variantele posibile. Acela\u015fi tip de informa\u0163ie \u00eel pot comunica inclusiv prin email la adresa\u00a0contact@tarom.ro, respectiv\u00a0rezervari@tarom.ro\u00a0sau agen\u0163iei emitente\u201d, transmite TAROM.<\/p>","protected":false},"excerpt":{"rendered":"<p>\u201dGreva angaja\u0163ilor de pe aeroportul Frankfurt, din data de 10 martie va bloca opera\u0163iunile aeroportuare&hellip;<\/p>\n","protected":false},"author":0,"featured_media":37822,"comment_status":"open","ping_status":"open","sticky":false,"template":"","format":"standard","meta":{"footnotes":""},"categories":[2],"tags":[],"class_list":["post-37834","post","type-post","status-publish","format-standard","has-post-thumbnail","hentry","category-actual"],"_links":{"self":[{"href":"https:\/\/247stiri.ro\/index.php\/wp-json\/wp\/v2\/posts\/37834","targetHints":{"allow":["GET"]}}],"collection":[{"href":"https:\/\/247stiri.ro\/index.php\/wp-json\/wp\/v2\/posts"}],"about":[{"href":"https:\/\/247stiri.ro\/index.php\/wp-json\/wp\/v2\/types\/post"}],"replies":[{"embeddable":true,"href":"https:\/\/247stiri.ro\/index.php\/wp-json\/wp\/v2\/comments?post=37834"}],"version-history":[{"count":0,"href":"https:\/\/247stiri.ro\/index.php\/wp-json\/wp\/v2\/posts\/37834\/revisions"}],"wp:featuredmedia":[{"embeddable":true,"href":"https:\/\/247stiri.ro\/index.php\/wp-json\/wp\/v2\/media\/37822"}],"wp:attachment":[{"href":"https:\/\/247stiri.ro\/index.php\/wp-json\/wp\/v2\/media?parent=37834"}],"wp:term":[{"taxonomy":"category","embeddable":true,"href":"https:\/\/247stiri.ro\/index.php\/wp-json\/wp\/v2\/categories?post=37834"},{"taxonomy":"post_tag","embeddable":true,"href":"https:\/\/247stiri.ro\/index.php\/wp-json\/wp\/v2\/tags?post=37834"}],"curies":[{"name":"wp","href":"https:\/\/api.w.org\/{rel}","templated":true}]}}